{"id":2814,"date":"2023-11-13T11:07:56","date_gmt":"2023-11-13T10:07:56","guid":{"rendered":"https:\/\/mieszko.edu.pl\/liceum\/?p=2814"},"modified":"2023-11-13T11:08:20","modified_gmt":"2023-11-13T10:08:20","slug":"swieta-niepodleglosci","status":"publish","type":"post","link":"https:\/\/mieszko.edu.pl\/liceum\/aktualnosci\/swieta-niepodleglosci\/","title":{"rendered":"\u015awi\u0119to Niepodleg\u0142o\u015bci"},"content":{"rendered":"\n<p>Z okazji \u015awi\u0119ta Niepodleg\u0142o\u015bci liceali\u015bci w\u0142\u0105czyli si\u0119 do og\u00f3lnopolskiej akcji \u201eSzko\u0142a do hymnu\u201d. O symbolicznej godzinie 11.11 wszyscy wsp\u00f3lnie za\u015bpiewali Mazurka D\u0105browskiego, a nast\u0119pnie obejrzeli film \u201eGra o Niepodleg\u0142\u0105\u201d. Aby podkre\u015bli\u0107 wag\u0119 \u015bwi\u0119ta, nie zabrak\u0142o r\u00f3wnie\u017c bia\u0142o-czerwonych akcent\u00f3w.<\/p>\n\n\n\n<figure class=\"wp-block-gallery has-nested-images columns-default is-cropped wp-block-gallery-1 is-layout-flex wp-block-gallery-is-layout-flex\">\n<figure class=\"wp-block-image size-large\"><img loading=\"lazy\" decoding=\"async\" width=\"768\" height=\"1024\" data-id=\"2817\" src=\"https:\/\/mieszko.edu.pl\/liceum\/wp-content\/uploads\/2023\/11\/image3-1.jpeg\" alt=\"\" class=\"wp-image-2817\" srcset=\"https:\/\/mieszko.edu.pl\/liceum\/wp-content\/uploads\/2023\/11\/image3-1.jpeg 768w, https:\/\/mieszko.edu.pl\/liceum\/wp-content\/uploads\/2023\/11\/image3-1-225x300.jpeg 225w, https:\/\/mieszko.edu.pl\/liceum\/wp-content\/uploads\/2023\/11\/image3-1-300x400.jpeg 300w\" sizes=\"auto, (max-width: 768px) 100vw, 768px\" \/><\/figure>\n\n\n\n<figure class=\"wp-block-image size-large\"><img loading=\"lazy\" decoding=\"async\" width=\"645\" height=\"1024\" data-id=\"2816\" src=\"https:\/\/mieszko.edu.pl\/liceum\/wp-content\/uploads\/2023\/11\/image2-1.jpeg\" alt=\"\" class=\"wp-image-2816\" srcset=\"https:\/\/mieszko.edu.pl\/liceum\/wp-content\/uploads\/2023\/11\/image2-1.jpeg 645w, https:\/\/mieszko.edu.pl\/liceum\/wp-content\/uploads\/2023\/11\/image2-1-189x300.jpeg 189w\" sizes=\"auto, (max-width: 645px) 100vw, 645px\" \/><\/figure>\n\n\n\n<figure class=\"wp-block-image size-large\"><img loading=\"lazy\" decoding=\"async\" width=\"768\" height=\"1024\" data-id=\"2818\" src=\"https:\/\/mieszko.edu.pl\/liceum\/wp-content\/uploads\/2023\/11\/image1-1.jpeg\" alt=\"\" class=\"wp-image-2818\" srcset=\"https:\/\/mieszko.edu.pl\/liceum\/wp-content\/uploads\/2023\/11\/image1-1.jpeg 768w, https:\/\/mieszko.edu.pl\/liceum\/wp-content\/uploads\/2023\/11\/image1-1-225x300.jpeg 225w, https:\/\/mieszko.edu.pl\/liceum\/wp-content\/uploads\/2023\/11\/image1-1-300x400.jpeg 300w\" sizes=\"auto, (max-width: 768px) 100vw, 768px\" \/><\/figure>\n\n\n\n<figure class=\"wp-block-image size-large\"><img loading=\"lazy\" decoding=\"async\" width=\"768\" height=\"1024\" data-id=\"2815\" src=\"https:\/\/mieszko.edu.pl\/liceum\/wp-content\/uploads\/2023\/11\/image0-1.jpeg\" alt=\"\" class=\"wp-image-2815\" srcset=\"https:\/\/mieszko.edu.pl\/liceum\/wp-content\/uploads\/2023\/11\/image0-1.jpeg 768w, https:\/\/mieszko.edu.pl\/liceum\/wp-content\/uploads\/2023\/11\/image0-1-225x300.jpeg 225w, https:\/\/mieszko.edu.pl\/liceum\/wp-content\/uploads\/2023\/11\/image0-1-300x400.jpeg 300w\" sizes=\"auto, (max-width: 768px) 100vw, 768px\" \/><\/figure>\n<\/figure>\n\n\n\n<p><\/p>\n","protected":false},"excerpt":{"rendered":"<p>Z okazji \u015awi\u0119ta Niepodleg\u0142o\u015bci liceali\u015bci w\u0142\u0105czyli si\u0119 do og\u00f3lnopolskiej akcji \u201eSzko\u0142a do hymnu\u201d. O symbolicznej godzinie 11.11 wszyscy wsp\u00f3lnie za\u015bpiewali Mazurka D\u0105browskiego, a nast\u0119pnie obejrzeli film \u201eGra o Niepodleg\u0142\u0105\u201d. Aby podkre\u015bli\u0107 wag\u0119 \u015bwi\u0119ta, nie zabrak\u0142o r\u00f3wnie\u017c bia\u0142o-czerwonych akcent\u00f3w.<\/p>\n","protected":false},"author":12,"featured_media":0,"comment_status":"closed","ping_status":"closed","sticky":false,"template":"","format":"standard","meta":{"footnotes":""},"categories":[1],"tags":[],"class_list":["post-2814","post","type-post","status-publish","format-standard","hentry","category-bez-kategorii"],"_links":{"self":[{"href":"https:\/\/mieszko.edu.pl\/liceum\/wp-json\/wp\/v2\/posts\/2814","targetHints":{"allow":["GET"]}}],"collection":[{"href":"https:\/\/mieszko.edu.pl\/liceum\/wp-json\/wp\/v2\/posts"}],"about":[{"href":"https:\/\/mieszko.edu.pl\/liceum\/wp-json\/wp\/v2\/types\/post"}],"author":[{"embeddable":true,"href":"https:\/\/mieszko.edu.pl\/liceum\/wp-json\/wp\/v2\/users\/12"}],"replies":[{"embeddable":true,"href":"https:\/\/mieszko.edu.pl\/liceum\/wp-json\/wp\/v2\/comments?post=2814"}],"version-history":[{"count":2,"href":"https:\/\/mieszko.edu.pl\/liceum\/wp-json\/wp\/v2\/posts\/2814\/revisions"}],"predecessor-version":[{"id":2820,"href":"https:\/\/mieszko.edu.pl\/liceum\/wp-json\/wp\/v2\/posts\/2814\/revisions\/2820"}],"wp:attachment":[{"href":"https:\/\/mieszko.edu.pl\/liceum\/wp-json\/wp\/v2\/media?parent=2814"}],"wp:term":[{"taxonomy":"category","embeddable":true,"href":"https:\/\/mieszko.edu.pl\/liceum\/wp-json\/wp\/v2\/categories?post=2814"},{"taxonomy":"post_tag","embeddable":true,"href":"https:\/\/mieszko.edu.pl\/liceum\/wp-json\/wp\/v2\/tags?post=2814"}],"curies":[{"name":"wp","href":"https:\/\/api.w.org\/{rel}","templated":true}]}}