{"id":2839,"date":"2023-11-20T11:05:18","date_gmt":"2023-11-20T10:05:18","guid":{"rendered":"https:\/\/mieszko.edu.pl\/liceum\/?p=2839"},"modified":"2023-11-20T11:05:19","modified_gmt":"2023-11-20T10:05:19","slug":"pamiec-niepodleglym-zolnierzom","status":"publish","type":"post","link":"https:\/\/mieszko.edu.pl\/liceum\/aktualnosci\/pamiec-niepodleglym-zolnierzom\/","title":{"rendered":"Pami\u0119\u0107 Niepodleg\u0142ym \u017bo\u0142nierzom"},"content":{"rendered":"\n<p>W dniu 16 listopada delegacja naszych klas licealnych odwiedzi\u0142a Cmentarz Komunalny Junikowo, by zapali\u0107 znicz pami\u0119ci Bohaterom walcz\u0105cym o Woln\u0105 i Niepodleg\u0142\u0105 Polsk\u0119 w Powstaniu Wielkopolskim oraz \u017bo\u0142nierzom Armii Krajowej, kt\u00f3rzy odeszli na &#8222;wieczn\u0105 wart\u0119&#8221;. <\/p>\n\n\n\n<figure class=\"wp-block-gallery has-nested-images columns-default is-cropped wp-block-gallery-1 is-layout-flex wp-block-gallery-is-layout-flex\">\n<figure class=\"wp-block-image size-large\"><img loading=\"lazy\" decoding=\"async\" width=\"768\" height=\"1024\" data-id=\"2843\" src=\"https:\/\/mieszko.edu.pl\/liceum\/wp-content\/uploads\/2023\/11\/image0-2-768x1024.jpeg\" alt=\"\" class=\"wp-image-2843\" srcset=\"https:\/\/mieszko.edu.pl\/liceum\/wp-content\/uploads\/2023\/11\/image0-2-768x1024.jpeg 768w, https:\/\/mieszko.edu.pl\/liceum\/wp-content\/uploads\/2023\/11\/image0-2-225x300.jpeg 225w, https:\/\/mieszko.edu.pl\/liceum\/wp-content\/uploads\/2023\/11\/image0-2-300x400.jpeg 300w, https:\/\/mieszko.edu.pl\/liceum\/wp-content\/uploads\/2023\/11\/image0-2-1152x1536.jpeg 1152w, https:\/\/mieszko.edu.pl\/liceum\/wp-content\/uploads\/2023\/11\/image0-2.jpeg 1536w\" sizes=\"auto, (max-width: 768px) 100vw, 768px\" \/><\/figure>\n\n\n\n<figure class=\"wp-block-image size-large\"><img loading=\"lazy\" decoding=\"async\" width=\"640\" height=\"480\" data-id=\"2847\" src=\"https:\/\/mieszko.edu.pl\/liceum\/wp-content\/uploads\/2023\/11\/image1-2.jpeg\" alt=\"\" class=\"wp-image-2847\" srcset=\"https:\/\/mieszko.edu.pl\/liceum\/wp-content\/uploads\/2023\/11\/image1-2.jpeg 640w, https:\/\/mieszko.edu.pl\/liceum\/wp-content\/uploads\/2023\/11\/image1-2-300x225.jpeg 300w\" sizes=\"auto, (max-width: 640px) 100vw, 640px\" \/><\/figure>\n\n\n\n<figure class=\"wp-block-image size-large\"><img loading=\"lazy\" decoding=\"async\" width=\"640\" height=\"480\" data-id=\"2846\" src=\"https:\/\/mieszko.edu.pl\/liceum\/wp-content\/uploads\/2023\/11\/image2-2.jpeg\" alt=\"\" class=\"wp-image-2846\" srcset=\"https:\/\/mieszko.edu.pl\/liceum\/wp-content\/uploads\/2023\/11\/image2-2.jpeg 640w, https:\/\/mieszko.edu.pl\/liceum\/wp-content\/uploads\/2023\/11\/image2-2-300x225.jpeg 300w\" sizes=\"auto, (max-width: 640px) 100vw, 640px\" \/><\/figure>\n\n\n\n<figure class=\"wp-block-image size-large\"><img loading=\"lazy\" decoding=\"async\" width=\"640\" height=\"480\" data-id=\"2840\" src=\"https:\/\/mieszko.edu.pl\/liceum\/wp-content\/uploads\/2023\/11\/image3-2.jpeg\" alt=\"\" class=\"wp-image-2840\" srcset=\"https:\/\/mieszko.edu.pl\/liceum\/wp-content\/uploads\/2023\/11\/image3-2.jpeg 640w, https:\/\/mieszko.edu.pl\/liceum\/wp-content\/uploads\/2023\/11\/image3-2-300x225.jpeg 300w\" sizes=\"auto, (max-width: 640px) 100vw, 640px\" \/><\/figure>\n\n\n\n<figure class=\"wp-block-image size-large\"><img loading=\"lazy\" decoding=\"async\" width=\"640\" height=\"480\" data-id=\"2841\" src=\"https:\/\/mieszko.edu.pl\/liceum\/wp-content\/uploads\/2023\/11\/image4-1.jpeg\" alt=\"\" class=\"wp-image-2841\" srcset=\"https:\/\/mieszko.edu.pl\/liceum\/wp-content\/uploads\/2023\/11\/image4-1.jpeg 640w, https:\/\/mieszko.edu.pl\/liceum\/wp-content\/uploads\/2023\/11\/image4-1-300x225.jpeg 300w\" sizes=\"auto, (max-width: 640px) 100vw, 640px\" \/><\/figure>\n\n\n\n<figure class=\"wp-block-image size-large\"><img loading=\"lazy\" decoding=\"async\" width=\"640\" height=\"480\" data-id=\"2844\" src=\"https:\/\/mieszko.edu.pl\/liceum\/wp-content\/uploads\/2023\/11\/image5.jpeg\" alt=\"\" class=\"wp-image-2844\" srcset=\"https:\/\/mieszko.edu.pl\/liceum\/wp-content\/uploads\/2023\/11\/image5.jpeg 640w, https:\/\/mieszko.edu.pl\/liceum\/wp-content\/uploads\/2023\/11\/image5-300x225.jpeg 300w\" sizes=\"auto, (max-width: 640px) 100vw, 640px\" \/><\/figure>\n\n\n\n<figure class=\"wp-block-image size-large\"><img loading=\"lazy\" decoding=\"async\" width=\"640\" height=\"480\" data-id=\"2842\" src=\"https:\/\/mieszko.edu.pl\/liceum\/wp-content\/uploads\/2023\/11\/image6.jpeg\" alt=\"\" class=\"wp-image-2842\" srcset=\"https:\/\/mieszko.edu.pl\/liceum\/wp-content\/uploads\/2023\/11\/image6.jpeg 640w, https:\/\/mieszko.edu.pl\/liceum\/wp-content\/uploads\/2023\/11\/image6-300x225.jpeg 300w\" sizes=\"auto, (max-width: 640px) 100vw, 640px\" \/><\/figure>\n\n\n\n<figure class=\"wp-block-image size-large\"><img loading=\"lazy\" decoding=\"async\" width=\"640\" height=\"480\" data-id=\"2848\" src=\"https:\/\/mieszko.edu.pl\/liceum\/wp-content\/uploads\/2023\/11\/image7.jpeg\" alt=\"\" class=\"wp-image-2848\" srcset=\"https:\/\/mieszko.edu.pl\/liceum\/wp-content\/uploads\/2023\/11\/image7.jpeg 640w, https:\/\/mieszko.edu.pl\/liceum\/wp-content\/uploads\/2023\/11\/image7-300x225.jpeg 300w\" sizes=\"auto, (max-width: 640px) 100vw, 640px\" \/><\/figure>\n\n\n\n<figure class=\"wp-block-image size-large\"><img loading=\"lazy\" decoding=\"async\" width=\"640\" height=\"480\" data-id=\"2845\" src=\"https:\/\/mieszko.edu.pl\/liceum\/wp-content\/uploads\/2023\/11\/image8.jpeg\" alt=\"\" class=\"wp-image-2845\" srcset=\"https:\/\/mieszko.edu.pl\/liceum\/wp-content\/uploads\/2023\/11\/image8.jpeg 640w, https:\/\/mieszko.edu.pl\/liceum\/wp-content\/uploads\/2023\/11\/image8-300x225.jpeg 300w\" sizes=\"auto, (max-width: 640px) 100vw, 640px\" \/><\/figure>\n\n\n\n<figure class=\"wp-block-image size-large\"><img loading=\"lazy\" decoding=\"async\" width=\"640\" height=\"480\" data-id=\"2849\" src=\"https:\/\/mieszko.edu.pl\/liceum\/wp-content\/uploads\/2023\/11\/image9.jpeg\" alt=\"\" class=\"wp-image-2849\" srcset=\"https:\/\/mieszko.edu.pl\/liceum\/wp-content\/uploads\/2023\/11\/image9.jpeg 640w, https:\/\/mieszko.edu.pl\/liceum\/wp-content\/uploads\/2023\/11\/image9-300x225.jpeg 300w\" sizes=\"auto, (max-width: 640px) 100vw, 640px\" \/><\/figure>\n<\/figure>\n","protected":false},"excerpt":{"rendered":"<p>W dniu 16 listopada delegacja naszych klas licealnych odwiedzi\u0142a Cmentarz Komunalny Junikowo, by zapali\u0107 znicz pami\u0119ci Bohaterom walcz\u0105cym o Woln\u0105 i Niepodleg\u0142\u0105 Polsk\u0119 w Powstaniu Wielkopolskim oraz \u017bo\u0142nierzom Armii Krajowej, kt\u00f3rzy odeszli na &#8222;wieczn\u0105 wart\u0119&#8221;.<\/p>\n","protected":false},"author":7,"featured_media":0,"comment_status":"closed","ping_status":"closed","sticky":false,"template":"","format":"standard","meta":{"footnotes":""},"categories":[1],"tags":[],"class_list":["post-2839","post","type-post","status-publish","format-standard","hentry","category-bez-kategorii"],"_links":{"self":[{"href":"https:\/\/mieszko.edu.pl\/liceum\/wp-json\/wp\/v2\/posts\/2839","targetHints":{"allow":["GET"]}}],"collection":[{"href":"https:\/\/mieszko.edu.pl\/liceum\/wp-json\/wp\/v2\/posts"}],"about":[{"href":"https:\/\/mieszko.edu.pl\/liceum\/wp-json\/wp\/v2\/types\/post"}],"author":[{"embeddable":true,"href":"https:\/\/mieszko.edu.pl\/liceum\/wp-json\/wp\/v2\/users\/7"}],"replies":[{"embeddable":true,"href":"https:\/\/mieszko.edu.pl\/liceum\/wp-json\/wp\/v2\/comments?post=2839"}],"version-history":[{"count":1,"href":"https:\/\/mieszko.edu.pl\/liceum\/wp-json\/wp\/v2\/posts\/2839\/revisions"}],"predecessor-version":[{"id":2850,"href":"https:\/\/mieszko.edu.pl\/liceum\/wp-json\/wp\/v2\/posts\/2839\/revisions\/2850"}],"wp:attachment":[{"href":"https:\/\/mieszko.edu.pl\/liceum\/wp-json\/wp\/v2\/media?parent=2839"}],"wp:term":[{"taxonomy":"category","embeddable":true,"href":"https:\/\/mieszko.edu.pl\/liceum\/wp-json\/wp\/v2\/categories?post=2839"},{"taxonomy":"post_tag","embeddable":true,"href":"https:\/\/mieszko.edu.pl\/liceum\/wp-json\/wp\/v2\/tags?post=2839"}],"curies":[{"name":"wp","href":"https:\/\/api.w.org\/{rel}","templated":true}]}}