{"id":2853,"date":"2023-11-21T12:37:44","date_gmt":"2023-11-21T11:37:44","guid":{"rendered":"https:\/\/mieszko.edu.pl\/liceum\/?p=2853"},"modified":"2023-11-21T13:33:09","modified_gmt":"2023-11-21T12:33:09","slug":"dzien-jak-z-bajki-glosne-czytanie","status":"publish","type":"post","link":"https:\/\/mieszko.edu.pl\/liceum\/aktualnosci\/dzien-jak-z-bajki-glosne-czytanie\/","title":{"rendered":"Dzie\u0144 jak z bajki &#8211; g\u0142o\u015bne czytanie"},"content":{"rendered":"\n<p><\/p>\n\n\n\n<p>Dzi\u015b uczniowie Prywatnego Liceum Og\u00f3lnokszta\u0142c\u0105cego Mieszko (z klasy 2c i 1b), czytali znane i lubiane bajki dzieciom ze szko\u0142y podstawowej (w klasach 0-5). Uczniowie czytali mi\u0119dzy innymi bajki Krasickiego, Tuwima, Fredro.\u00a0<\/p>\n\n\n\n<p>Organizatorami wydarzenia byli Dorian Dylewski oraz Martyna Retman. <\/p>\n\n\n\n<figure class=\"wp-block-gallery has-nested-images columns-default is-cropped wp-block-gallery-1 is-layout-flex wp-block-gallery-is-layout-flex\">\n<figure class=\"wp-block-image size-large\"><img loading=\"lazy\" decoding=\"async\" width=\"968\" height=\"714\" data-id=\"2857\" src=\"https:\/\/mieszko.edu.pl\/liceum\/wp-content\/uploads\/2023\/11\/1-1.jpg\" alt=\"\" class=\"wp-image-2857\" srcset=\"https:\/\/mieszko.edu.pl\/liceum\/wp-content\/uploads\/2023\/11\/1-1.jpg 968w, https:\/\/mieszko.edu.pl\/liceum\/wp-content\/uploads\/2023\/11\/1-1-300x221.jpg 300w, https:\/\/mieszko.edu.pl\/liceum\/wp-content\/uploads\/2023\/11\/1-1-768x566.jpg 768w\" sizes=\"auto, (max-width: 968px) 100vw, 968px\" \/><\/figure>\n\n\n\n<figure class=\"wp-block-image size-large\"><img loading=\"lazy\" decoding=\"async\" width=\"968\" height=\"720\" data-id=\"2858\" src=\"https:\/\/mieszko.edu.pl\/liceum\/wp-content\/uploads\/2023\/11\/2-1.jpg\" alt=\"\" class=\"wp-image-2858\" srcset=\"https:\/\/mieszko.edu.pl\/liceum\/wp-content\/uploads\/2023\/11\/2-1.jpg 968w, https:\/\/mieszko.edu.pl\/liceum\/wp-content\/uploads\/2023\/11\/2-1-300x223.jpg 300w, https:\/\/mieszko.edu.pl\/liceum\/wp-content\/uploads\/2023\/11\/2-1-768x571.jpg 768w\" sizes=\"auto, (max-width: 968px) 100vw, 968px\" \/><\/figure>\n\n\n\n<figure class=\"wp-block-image size-large\"><img loading=\"lazy\" decoding=\"async\" width=\"968\" height=\"716\" data-id=\"2855\" src=\"https:\/\/mieszko.edu.pl\/liceum\/wp-content\/uploads\/2023\/11\/3-2.jpg\" alt=\"\" class=\"wp-image-2855\" srcset=\"https:\/\/mieszko.edu.pl\/liceum\/wp-content\/uploads\/2023\/11\/3-2.jpg 968w, https:\/\/mieszko.edu.pl\/liceum\/wp-content\/uploads\/2023\/11\/3-2-300x222.jpg 300w, https:\/\/mieszko.edu.pl\/liceum\/wp-content\/uploads\/2023\/11\/3-2-768x568.jpg 768w\" sizes=\"auto, (max-width: 968px) 100vw, 968px\" \/><\/figure>\n\n\n\n<figure class=\"wp-block-image size-large\"><img loading=\"lazy\" decoding=\"async\" width=\"968\" height=\"714\" data-id=\"2856\" src=\"https:\/\/mieszko.edu.pl\/liceum\/wp-content\/uploads\/2023\/11\/4-2.jpg\" alt=\"\" class=\"wp-image-2856\" srcset=\"https:\/\/mieszko.edu.pl\/liceum\/wp-content\/uploads\/2023\/11\/4-2.jpg 968w, https:\/\/mieszko.edu.pl\/liceum\/wp-content\/uploads\/2023\/11\/4-2-300x221.jpg 300w, https:\/\/mieszko.edu.pl\/liceum\/wp-content\/uploads\/2023\/11\/4-2-768x566.jpg 768w\" sizes=\"auto, (max-width: 968px) 100vw, 968px\" \/><\/figure>\n\n\n\n<figure class=\"wp-block-image size-large\"><img loading=\"lazy\" decoding=\"async\" width=\"968\" height=\"718\" data-id=\"2859\" src=\"https:\/\/mieszko.edu.pl\/liceum\/wp-content\/uploads\/2023\/11\/5.jpg\" alt=\"\" class=\"wp-image-2859\" srcset=\"https:\/\/mieszko.edu.pl\/liceum\/wp-content\/uploads\/2023\/11\/5.jpg 968w, https:\/\/mieszko.edu.pl\/liceum\/wp-content\/uploads\/2023\/11\/5-300x223.jpg 300w, https:\/\/mieszko.edu.pl\/liceum\/wp-content\/uploads\/2023\/11\/5-768x570.jpg 768w\" sizes=\"auto, (max-width: 968px) 100vw, 968px\" \/><\/figure>\n<\/figure>\n","protected":false},"excerpt":{"rendered":"<p>Dzi\u015b uczniowie Prywatnego Liceum Og\u00f3lnokszta\u0142c\u0105cego Mieszko (z klasy 2c i 1b), czytali znane i lubiane bajki dzieciom ze szko\u0142y podstawowej (w klasach 0-5). Uczniowie czytali mi\u0119dzy innymi bajki Krasickiego, Tuwima, Fredro.\u00a0 Organizatorami wydarzenia byli Dorian Dylewski oraz Martyna Retman.<\/p>\n","protected":false},"author":7,"featured_media":0,"comment_status":"closed","ping_status":"closed","sticky":false,"template":"","format":"standard","meta":{"footnotes":""},"categories":[1],"tags":[],"class_list":["post-2853","post","type-post","status-publish","format-standard","hentry","category-bez-kategorii"],"_links":{"self":[{"href":"https:\/\/mieszko.edu.pl\/liceum\/wp-json\/wp\/v2\/posts\/2853","targetHints":{"allow":["GET"]}}],"collection":[{"href":"https:\/\/mieszko.edu.pl\/liceum\/wp-json\/wp\/v2\/posts"}],"about":[{"href":"https:\/\/mieszko.edu.pl\/liceum\/wp-json\/wp\/v2\/types\/post"}],"author":[{"embeddable":true,"href":"https:\/\/mieszko.edu.pl\/liceum\/wp-json\/wp\/v2\/users\/7"}],"replies":[{"embeddable":true,"href":"https:\/\/mieszko.edu.pl\/liceum\/wp-json\/wp\/v2\/comments?post=2853"}],"version-history":[{"count":2,"href":"https:\/\/mieszko.edu.pl\/liceum\/wp-json\/wp\/v2\/posts\/2853\/revisions"}],"predecessor-version":[{"id":2875,"href":"https:\/\/mieszko.edu.pl\/liceum\/wp-json\/wp\/v2\/posts\/2853\/revisions\/2875"}],"wp:attachment":[{"href":"https:\/\/mieszko.edu.pl\/liceum\/wp-json\/wp\/v2\/media?parent=2853"}],"wp:term":[{"taxonomy":"category","embeddable":true,"href":"https:\/\/mieszko.edu.pl\/liceum\/wp-json\/wp\/v2\/categories?post=2853"},{"taxonomy":"post_tag","embeddable":true,"href":"https:\/\/mieszko.edu.pl\/liceum\/wp-json\/wp\/v2\/tags?post=2853"}],"curies":[{"name":"wp","href":"https:\/\/api.w.org\/{rel}","templated":true}]}}