{"id":2866,"date":"2023-11-21T13:22:50","date_gmt":"2023-11-21T12:22:50","guid":{"rendered":"https:\/\/mieszko.edu.pl\/liceum\/?p=2866"},"modified":"2023-11-21T13:22:51","modified_gmt":"2023-11-21T12:22:51","slug":"probne-egzaminy-czwartoklasistow","status":"publish","type":"post","link":"https:\/\/mieszko.edu.pl\/liceum\/aktualnosci\/probne-egzaminy-czwartoklasistow\/","title":{"rendered":"Pr\u00f3bne egzaminy czwartoklasist\u00f3w"},"content":{"rendered":"\n<p>Przed naszymi maturzystami cztery dni pr\u00f3bnych egzamin\u00f3w z Operonem. Dzisiaj od rana czwartoklasi\u015bci mierz\u0105 si\u0119 z zadaniami z j\u0119zyka polskiego na poziomie podstawowym. Po po\u0142udniu j\u0119zyk polski na poziomie rozszerzonym dla uczni\u00f3w, kt\u00f3rzy zadeklarowali ch\u0119\u0107 zdawania tego przedmiotu na maturze.<br>Trzymamy kciuki i \u017cyczymy powodzenia \ud83d\ude42<\/p>\n\n\n\n<figure class=\"wp-block-gallery has-nested-images columns-default is-cropped wp-block-gallery-1 is-layout-flex wp-block-gallery-is-layout-flex\">\n<figure class=\"wp-block-image size-large\"><img loading=\"lazy\" decoding=\"async\" width=\"1024\" height=\"768\" data-id=\"2867\" src=\"https:\/\/mieszko.edu.pl\/liceum\/wp-content\/uploads\/2023\/11\/8c545ceb-a797-4076-9d8a-13c7db39e913.jpg\" alt=\"\" class=\"wp-image-2867\" srcset=\"https:\/\/mieszko.edu.pl\/liceum\/wp-content\/uploads\/2023\/11\/8c545ceb-a797-4076-9d8a-13c7db39e913.jpg 1024w, https:\/\/mieszko.edu.pl\/liceum\/wp-content\/uploads\/2023\/11\/8c545ceb-a797-4076-9d8a-13c7db39e913-300x225.jpg 300w, https:\/\/mieszko.edu.pl\/liceum\/wp-content\/uploads\/2023\/11\/8c545ceb-a797-4076-9d8a-13c7db39e913-768x576.jpg 768w\" sizes=\"auto, (max-width: 1024px) 100vw, 1024px\" \/><\/figure>\n\n\n\n<figure class=\"wp-block-image size-large\"><img loading=\"lazy\" decoding=\"async\" width=\"768\" height=\"1024\" data-id=\"2869\" src=\"https:\/\/mieszko.edu.pl\/liceum\/wp-content\/uploads\/2023\/11\/b9da1aac-2be2-41cd-a3e2-8e2e478d4f27.jpg\" alt=\"\" class=\"wp-image-2869\" srcset=\"https:\/\/mieszko.edu.pl\/liceum\/wp-content\/uploads\/2023\/11\/b9da1aac-2be2-41cd-a3e2-8e2e478d4f27.jpg 768w, https:\/\/mieszko.edu.pl\/liceum\/wp-content\/uploads\/2023\/11\/b9da1aac-2be2-41cd-a3e2-8e2e478d4f27-225x300.jpg 225w, https:\/\/mieszko.edu.pl\/liceum\/wp-content\/uploads\/2023\/11\/b9da1aac-2be2-41cd-a3e2-8e2e478d4f27-300x400.jpg 300w\" sizes=\"auto, (max-width: 768px) 100vw, 768px\" \/><\/figure>\n\n\n\n<figure class=\"wp-block-image size-large\"><img loading=\"lazy\" decoding=\"async\" width=\"1024\" height=\"768\" data-id=\"2868\" src=\"https:\/\/mieszko.edu.pl\/liceum\/wp-content\/uploads\/2023\/11\/fb1c6dae-f4ee-4e87-a2ee-3d7136939adb.jpg\" alt=\"\" class=\"wp-image-2868\" srcset=\"https:\/\/mieszko.edu.pl\/liceum\/wp-content\/uploads\/2023\/11\/fb1c6dae-f4ee-4e87-a2ee-3d7136939adb.jpg 1024w, https:\/\/mieszko.edu.pl\/liceum\/wp-content\/uploads\/2023\/11\/fb1c6dae-f4ee-4e87-a2ee-3d7136939adb-300x225.jpg 300w, https:\/\/mieszko.edu.pl\/liceum\/wp-content\/uploads\/2023\/11\/fb1c6dae-f4ee-4e87-a2ee-3d7136939adb-768x576.jpg 768w\" sizes=\"auto, (max-width: 1024px) 100vw, 1024px\" \/><\/figure>\n<\/figure>\n","protected":false},"excerpt":{"rendered":"<p>Przed naszymi maturzystami cztery dni pr\u00f3bnych egzamin\u00f3w z Operonem. Dzisiaj od rana czwartoklasi\u015bci mierz\u0105 si\u0119 z zadaniami z j\u0119zyka polskiego na poziomie podstawowym. Po po\u0142udniu j\u0119zyk polski na poziomie rozszerzonym dla uczni\u00f3w, kt\u00f3rzy zadeklarowali ch\u0119\u0107 zdawania tego przedmiotu na maturze.Trzymamy kciuki i \u017cyczymy powodzenia \ud83d\ude42<\/p>\n","protected":false},"author":7,"featured_media":0,"comment_status":"closed","ping_status":"closed","sticky":false,"template":"","format":"standard","meta":{"footnotes":""},"categories":[1],"tags":[],"class_list":["post-2866","post","type-post","status-publish","format-standard","hentry","category-bez-kategorii"],"_links":{"self":[{"href":"https:\/\/mieszko.edu.pl\/liceum\/wp-json\/wp\/v2\/posts\/2866","targetHints":{"allow":["GET"]}}],"collection":[{"href":"https:\/\/mieszko.edu.pl\/liceum\/wp-json\/wp\/v2\/posts"}],"about":[{"href":"https:\/\/mieszko.edu.pl\/liceum\/wp-json\/wp\/v2\/types\/post"}],"author":[{"embeddable":true,"href":"https:\/\/mieszko.edu.pl\/liceum\/wp-json\/wp\/v2\/users\/7"}],"replies":[{"embeddable":true,"href":"https:\/\/mieszko.edu.pl\/liceum\/wp-json\/wp\/v2\/comments?post=2866"}],"version-history":[{"count":1,"href":"https:\/\/mieszko.edu.pl\/liceum\/wp-json\/wp\/v2\/posts\/2866\/revisions"}],"predecessor-version":[{"id":2870,"href":"https:\/\/mieszko.edu.pl\/liceum\/wp-json\/wp\/v2\/posts\/2866\/revisions\/2870"}],"wp:attachment":[{"href":"https:\/\/mieszko.edu.pl\/liceum\/wp-json\/wp\/v2\/media?parent=2866"}],"wp:term":[{"taxonomy":"category","embeddable":true,"href":"https:\/\/mieszko.edu.pl\/liceum\/wp-json\/wp\/v2\/categories?post=2866"},{"taxonomy":"post_tag","embeddable":true,"href":"https:\/\/mieszko.edu.pl\/liceum\/wp-json\/wp\/v2\/tags?post=2866"}],"curies":[{"name":"wp","href":"https:\/\/api.w.org\/{rel}","templated":true}]}}