{"id":2878,"date":"2023-11-23T15:15:14","date_gmt":"2023-11-23T14:15:14","guid":{"rendered":"https:\/\/mieszko.edu.pl\/liceum\/?p=2878"},"modified":"2023-11-24T09:45:10","modified_gmt":"2023-11-24T08:45:10","slug":"uroczystosc-wreczenia-stypendiow-prezesa-rady-ministrow","status":"publish","type":"post","link":"https:\/\/mieszko.edu.pl\/liceum\/aktualnosci\/uroczystosc-wreczenia-stypendiow-prezesa-rady-ministrow\/","title":{"rendered":"Uroczysto\u015b\u0107 wr\u0119czenia Stypendi\u00f3w Prezesa Rady Ministr\u00f3w"},"content":{"rendered":"\n<p>Dzi\u015b mieli\u015bmy niezwyk\u0142\u0105 przyjemno\u015b\u0107 uczestniczy\u0107 w uroczysto\u015bci wr\u0119czenia Stypendi\u00f3w Prezesa Rady Ministr\u00f3w. To wyj\u0105tkowe wydarzenie, kt\u00f3re docenia nie tylko nasz\u0105 szko\u0142\u0119, ale przede wszystkim wybitnych uczni\u00f3w.<\/p>\n\n\n\n<p>Stypendium przyznaje si\u0119 jednemu uczniowi danej szko\u0142y, kt\u00f3ry otrzyma\u0142 promocj\u0119 z wyr\u00f3\u017cnieniem, uzyskuj\u0105c przy tym najwy\u017csz\u0105 w danej szkole \u015bredni\u0105 ocen. W roku szkolnym 2022\/2023 to w\u0142a\u015bnie Mykhail Fesenko uzyska\u0142 najwy\u017csz\u0105 \u015bredni\u0105 ocen i zosta\u0142 nominowany do stypendium. Mykhaile, gratulujemy Ci i jeste\u015bmy pe\u0142ni podziwu dla Twojej determinacji oraz zaanga\u017cowania w nauk\u0119. Jeste\u015bmy przekonani, \u017ce masz przed sob\u0105 \u015bwietlan\u0105 przysz\u0142o\u015b\u0107, i \u017cyczymy Ci dalszych sukces\u00f3w.<\/p>\n\n\n\n<figure class=\"wp-block-gallery has-nested-images columns-default is-cropped wp-block-gallery-1 is-layout-flex wp-block-gallery-is-layout-flex\">\n<figure class=\"wp-block-image size-large\"><img loading=\"lazy\" decoding=\"async\" width=\"1024\" height=\"768\" data-id=\"2880\" src=\"https:\/\/mieszko.edu.pl\/liceum\/wp-content\/uploads\/2023\/11\/image1-3.jpeg\" alt=\"\" class=\"wp-image-2880\" srcset=\"https:\/\/mieszko.edu.pl\/liceum\/wp-content\/uploads\/2023\/11\/image1-3.jpeg 1024w, https:\/\/mieszko.edu.pl\/liceum\/wp-content\/uploads\/2023\/11\/image1-3-300x225.jpeg 300w, https:\/\/mieszko.edu.pl\/liceum\/wp-content\/uploads\/2023\/11\/image1-3-768x576.jpeg 768w\" sizes=\"auto, (max-width: 1024px) 100vw, 1024px\" \/><\/figure>\n\n\n\n<figure class=\"wp-block-image size-large\"><img loading=\"lazy\" decoding=\"async\" width=\"1024\" height=\"768\" data-id=\"2881\" src=\"https:\/\/mieszko.edu.pl\/liceum\/wp-content\/uploads\/2023\/11\/image3-3.jpeg\" alt=\"\" class=\"wp-image-2881\" srcset=\"https:\/\/mieszko.edu.pl\/liceum\/wp-content\/uploads\/2023\/11\/image3-3.jpeg 1024w, https:\/\/mieszko.edu.pl\/liceum\/wp-content\/uploads\/2023\/11\/image3-3-300x225.jpeg 300w, https:\/\/mieszko.edu.pl\/liceum\/wp-content\/uploads\/2023\/11\/image3-3-768x576.jpeg 768w\" sizes=\"auto, (max-width: 1024px) 100vw, 1024px\" \/><\/figure>\n\n\n\n<figure class=\"wp-block-image size-large\"><img loading=\"lazy\" decoding=\"async\" width=\"768\" height=\"1024\" data-id=\"2879\" src=\"https:\/\/mieszko.edu.pl\/liceum\/wp-content\/uploads\/2023\/11\/image4-2.jpeg\" alt=\"\" class=\"wp-image-2879\" srcset=\"https:\/\/mieszko.edu.pl\/liceum\/wp-content\/uploads\/2023\/11\/image4-2.jpeg 768w, https:\/\/mieszko.edu.pl\/liceum\/wp-content\/uploads\/2023\/11\/image4-2-225x300.jpeg 225w, https:\/\/mieszko.edu.pl\/liceum\/wp-content\/uploads\/2023\/11\/image4-2-300x400.jpeg 300w\" sizes=\"auto, (max-width: 768px) 100vw, 768px\" \/><\/figure>\n<\/figure>\n","protected":false},"excerpt":{"rendered":"<p>Dzi\u015b mieli\u015bmy niezwyk\u0142\u0105 przyjemno\u015b\u0107 uczestniczy\u0107 w uroczysto\u015bci wr\u0119czenia Stypendi\u00f3w Prezesa Rady Ministr\u00f3w. To wyj\u0105tkowe wydarzenie, kt\u00f3re docenia nie tylko nasz\u0105 szko\u0142\u0119, ale przede wszystkim wybitnych uczni\u00f3w. Stypendium przyznaje si\u0119 jednemu uczniowi danej szko\u0142y, kt\u00f3ry otrzyma\u0142 promocj\u0119 z wyr\u00f3\u017cnieniem, uzyskuj\u0105c przy tym najwy\u017csz\u0105 w danej szkole \u015bredni\u0105 ocen. W roku szkolnym 2022\/2023 to w\u0142a\u015bnie Mykhail Fesenko&#8230;<\/p>\n","protected":false},"author":7,"featured_media":0,"comment_status":"closed","ping_status":"closed","sticky":false,"template":"","format":"standard","meta":{"footnotes":""},"categories":[1],"tags":[],"class_list":["post-2878","post","type-post","status-publish","format-standard","hentry","category-bez-kategorii"],"_links":{"self":[{"href":"https:\/\/mieszko.edu.pl\/liceum\/wp-json\/wp\/v2\/posts\/2878","targetHints":{"allow":["GET"]}}],"collection":[{"href":"https:\/\/mieszko.edu.pl\/liceum\/wp-json\/wp\/v2\/posts"}],"about":[{"href":"https:\/\/mieszko.edu.pl\/liceum\/wp-json\/wp\/v2\/types\/post"}],"author":[{"embeddable":true,"href":"https:\/\/mieszko.edu.pl\/liceum\/wp-json\/wp\/v2\/users\/7"}],"replies":[{"embeddable":true,"href":"https:\/\/mieszko.edu.pl\/liceum\/wp-json\/wp\/v2\/comments?post=2878"}],"version-history":[{"count":7,"href":"https:\/\/mieszko.edu.pl\/liceum\/wp-json\/wp\/v2\/posts\/2878\/revisions"}],"predecessor-version":[{"id":2889,"href":"https:\/\/mieszko.edu.pl\/liceum\/wp-json\/wp\/v2\/posts\/2878\/revisions\/2889"}],"wp:attachment":[{"href":"https:\/\/mieszko.edu.pl\/liceum\/wp-json\/wp\/v2\/media?parent=2878"}],"wp:term":[{"taxonomy":"category","embeddable":true,"href":"https:\/\/mieszko.edu.pl\/liceum\/wp-json\/wp\/v2\/categories?post=2878"},{"taxonomy":"post_tag","embeddable":true,"href":"https:\/\/mieszko.edu.pl\/liceum\/wp-json\/wp\/v2\/tags?post=2878"}],"curies":[{"name":"wp","href":"https:\/\/api.w.org\/{rel}","templated":true}]}}