{"id":2894,"date":"2023-12-01T11:38:24","date_gmt":"2023-12-01T10:38:24","guid":{"rendered":"https:\/\/mieszko.edu.pl\/liceum\/?p=2894"},"modified":"2023-12-01T11:40:38","modified_gmt":"2023-12-01T10:40:38","slug":"wycieczka-do-zamku-krolewskiego","status":"publish","type":"post","link":"https:\/\/mieszko.edu.pl\/liceum\/aktualnosci\/wycieczka-do-zamku-krolewskiego\/","title":{"rendered":"Wycieczka do Zamku Kr\u00f3lewskiego"},"content":{"rendered":"\n<p>W ostatni\u0105 sobot\u0119 w ramach Szkolnego Ko\u0142a Geograficzno-Krajoznawczego zawitali\u015bmy do Zamku Kr\u00f3lewskiego na Wzg\u00f3rzu Przemys\u0142a w Poznaniu w ramach projektu &#8222;Poznajemy pozna\u0144skie muzea&#8221;. <br>By\u0142a to doskona\u0142a okazja, by pozna\u0107 eksponaty Muzeum Sztuk U\u017cytkowych, kt\u00f3re si\u0119 mie\u015bci w Zamku.<\/p>\n\n\n\n<figure class=\"wp-block-gallery has-nested-images columns-default is-cropped wp-block-gallery-1 is-layout-flex wp-block-gallery-is-layout-flex\">\n<figure class=\"wp-block-image size-large\"><img loading=\"lazy\" decoding=\"async\" width=\"768\" height=\"1024\" data-id=\"2895\" src=\"https:\/\/mieszko.edu.pl\/liceum\/wp-content\/uploads\/2023\/12\/371107945_698184469076153_400200527751580005_n-768x1024.jpg\" alt=\"\" class=\"wp-image-2895\" srcset=\"https:\/\/mieszko.edu.pl\/liceum\/wp-content\/uploads\/2023\/12\/371107945_698184469076153_400200527751580005_n-768x1024.jpg 768w, https:\/\/mieszko.edu.pl\/liceum\/wp-content\/uploads\/2023\/12\/371107945_698184469076153_400200527751580005_n-225x300.jpg 225w, https:\/\/mieszko.edu.pl\/liceum\/wp-content\/uploads\/2023\/12\/371107945_698184469076153_400200527751580005_n-300x400.jpg 300w, https:\/\/mieszko.edu.pl\/liceum\/wp-content\/uploads\/2023\/12\/371107945_698184469076153_400200527751580005_n-1152x1536.jpg 1152w, https:\/\/mieszko.edu.pl\/liceum\/wp-content\/uploads\/2023\/12\/371107945_698184469076153_400200527751580005_n.jpg 1536w\" sizes=\"auto, (max-width: 768px) 100vw, 768px\" \/><\/figure>\n\n\n\n<figure class=\"wp-block-image size-large\"><img loading=\"lazy\" decoding=\"async\" width=\"768\" height=\"1024\" data-id=\"2896\" src=\"https:\/\/mieszko.edu.pl\/liceum\/wp-content\/uploads\/2023\/12\/400443689_1797240530746672_7987741839497150513_n-768x1024.jpg\" alt=\"\" class=\"wp-image-2896\" srcset=\"https:\/\/mieszko.edu.pl\/liceum\/wp-content\/uploads\/2023\/12\/400443689_1797240530746672_7987741839497150513_n-768x1024.jpg 768w, https:\/\/mieszko.edu.pl\/liceum\/wp-content\/uploads\/2023\/12\/400443689_1797240530746672_7987741839497150513_n-225x300.jpg 225w, https:\/\/mieszko.edu.pl\/liceum\/wp-content\/uploads\/2023\/12\/400443689_1797240530746672_7987741839497150513_n-300x400.jpg 300w, https:\/\/mieszko.edu.pl\/liceum\/wp-content\/uploads\/2023\/12\/400443689_1797240530746672_7987741839497150513_n-1152x1536.jpg 1152w, https:\/\/mieszko.edu.pl\/liceum\/wp-content\/uploads\/2023\/12\/400443689_1797240530746672_7987741839497150513_n.jpg 1536w\" sizes=\"auto, (max-width: 768px) 100vw, 768px\" \/><\/figure>\n\n\n\n<figure class=\"wp-block-image size-large\"><img loading=\"lazy\" decoding=\"async\" width=\"768\" height=\"1024\" data-id=\"2897\" src=\"https:\/\/mieszko.edu.pl\/liceum\/wp-content\/uploads\/2023\/12\/405804458_909673370517791_4597150520487977006_n-768x1024.jpg\" alt=\"\" class=\"wp-image-2897\" srcset=\"https:\/\/mieszko.edu.pl\/liceum\/wp-content\/uploads\/2023\/12\/405804458_909673370517791_4597150520487977006_n-768x1024.jpg 768w, https:\/\/mieszko.edu.pl\/liceum\/wp-content\/uploads\/2023\/12\/405804458_909673370517791_4597150520487977006_n-225x300.jpg 225w, https:\/\/mieszko.edu.pl\/liceum\/wp-content\/uploads\/2023\/12\/405804458_909673370517791_4597150520487977006_n-300x400.jpg 300w, https:\/\/mieszko.edu.pl\/liceum\/wp-content\/uploads\/2023\/12\/405804458_909673370517791_4597150520487977006_n-1152x1536.jpg 1152w, https:\/\/mieszko.edu.pl\/liceum\/wp-content\/uploads\/2023\/12\/405804458_909673370517791_4597150520487977006_n.jpg 1536w\" sizes=\"auto, (max-width: 768px) 100vw, 768px\" \/><\/figure>\n<\/figure>\n","protected":false},"excerpt":{"rendered":"<p>W ostatni\u0105 sobot\u0119 w ramach Szkolnego Ko\u0142a Geograficzno-Krajoznawczego zawitali\u015bmy do Zamku Kr\u00f3lewskiego na Wzg\u00f3rzu Przemys\u0142a w Poznaniu w ramach projektu &#8222;Poznajemy pozna\u0144skie muzea&#8221;. By\u0142a to doskona\u0142a okazja, by pozna\u0107 eksponaty Muzeum Sztuk U\u017cytkowych, kt\u00f3re si\u0119 mie\u015bci w Zamku.<\/p>\n","protected":false},"author":7,"featured_media":0,"comment_status":"closed","ping_status":"closed","sticky":false,"template":"","format":"standard","meta":{"footnotes":""},"categories":[1],"tags":[],"class_list":["post-2894","post","type-post","status-publish","format-standard","hentry","category-bez-kategorii"],"_links":{"self":[{"href":"https:\/\/mieszko.edu.pl\/liceum\/wp-json\/wp\/v2\/posts\/2894","targetHints":{"allow":["GET"]}}],"collection":[{"href":"https:\/\/mieszko.edu.pl\/liceum\/wp-json\/wp\/v2\/posts"}],"about":[{"href":"https:\/\/mieszko.edu.pl\/liceum\/wp-json\/wp\/v2\/types\/post"}],"author":[{"embeddable":true,"href":"https:\/\/mieszko.edu.pl\/liceum\/wp-json\/wp\/v2\/users\/7"}],"replies":[{"embeddable":true,"href":"https:\/\/mieszko.edu.pl\/liceum\/wp-json\/wp\/v2\/comments?post=2894"}],"version-history":[{"count":2,"href":"https:\/\/mieszko.edu.pl\/liceum\/wp-json\/wp\/v2\/posts\/2894\/revisions"}],"predecessor-version":[{"id":2899,"href":"https:\/\/mieszko.edu.pl\/liceum\/wp-json\/wp\/v2\/posts\/2894\/revisions\/2899"}],"wp:attachment":[{"href":"https:\/\/mieszko.edu.pl\/liceum\/wp-json\/wp\/v2\/media?parent=2894"}],"wp:term":[{"taxonomy":"category","embeddable":true,"href":"https:\/\/mieszko.edu.pl\/liceum\/wp-json\/wp\/v2\/categories?post=2894"},{"taxonomy":"post_tag","embeddable":true,"href":"https:\/\/mieszko.edu.pl\/liceum\/wp-json\/wp\/v2\/tags?post=2894"}],"curies":[{"name":"wp","href":"https:\/\/api.w.org\/{rel}","templated":true}]}}