{"id":2914,"date":"2023-12-06T12:29:40","date_gmt":"2023-12-06T11:29:40","guid":{"rendered":"https:\/\/mieszko.edu.pl\/liceum\/?p=2914"},"modified":"2023-12-11T12:13:48","modified_gmt":"2023-12-11T11:13:48","slug":"kalendarz-adwentowy-z-zadaniami","status":"publish","type":"post","link":"https:\/\/mieszko.edu.pl\/liceum\/aktualnosci\/kalendarz-adwentowy-z-zadaniami\/","title":{"rendered":"Kalendarz adwentowy z zadaniami"},"content":{"rendered":"\n<p>Ho, ho, ho.<br>Od poniedzia\u0142ku na tablicy korkowej obok sali 104 b\u0119d\u0105 pojawia\u0142y si\u0119 zadania dla klasy 8 SP i wszystkich klas LO (b\u0119d\u0105 to zadania z matematyki i biologii). B\u0119dziemy wsp\u00f3lnie odliczali dni do \u015awi\u0105t<img loading=\"lazy\" decoding=\"async\" height=\"16\" width=\"16\" src=\"https:\/\/static.xx.fbcdn.net\/images\/emoji.php\/v9\/te0\/1\/16\/1f31f.png\" alt=\"&#x1f31f;\"> Proponujemy robi\u0107 zdj\u0119cia zada\u0144, poniewa\u017c b\u0119d\u0105 one zmieniane ka\u017cdego dnia rano. Zadania z weekendu b\u0119d\u0105 pojawia\u0142y si\u0119 w pi\u0105tek lub poniedzia\u0142ek. Zapraszamy do wzi\u0119cia udzia\u0142u w matematyczno-biologicznym wyzwaniu \u015bwi\u0105tecznym. Wasze zaanga\u017cowanie b\u0119dzie docenione ocen\u0105.<\/p>\n\n\n\n<p>Do dnia 21.12 prosimy dostarczy\u0107 kartk\u0119 z odpowiedziami do zada\u0144.<br>Zapraszamy do zabawy Pani Ola Pa\u0142ubicka i Pani Kamila Kreczmer<\/p>\n\n\n\n<figure class=\"wp-block-gallery has-nested-images columns-default is-cropped wp-block-gallery-1 is-layout-flex wp-block-gallery-is-layout-flex\">\n<figure class=\"wp-block-image size-large\"><img loading=\"lazy\" decoding=\"async\" width=\"1024\" height=\"1024\" data-id=\"2915\" src=\"https:\/\/mieszko.edu.pl\/liceum\/wp-content\/uploads\/2023\/12\/xxxxxxxxxxxxxxxx-1024x1024.jpg\" alt=\"\" class=\"wp-image-2915\" srcset=\"https:\/\/mieszko.edu.pl\/liceum\/wp-content\/uploads\/2023\/12\/xxxxxxxxxxxxxxxx-1024x1024.jpg 1024w, https:\/\/mieszko.edu.pl\/liceum\/wp-content\/uploads\/2023\/12\/xxxxxxxxxxxxxxxx-300x300.jpg 300w, https:\/\/mieszko.edu.pl\/liceum\/wp-content\/uploads\/2023\/12\/xxxxxxxxxxxxxxxx-150x150.jpg 150w, https:\/\/mieszko.edu.pl\/liceum\/wp-content\/uploads\/2023\/12\/xxxxxxxxxxxxxxxx-768x768.jpg 768w, https:\/\/mieszko.edu.pl\/liceum\/wp-content\/uploads\/2023\/12\/xxxxxxxxxxxxxxxx.jpg 1512w\" sizes=\"auto, (max-width: 1024px) 100vw, 1024px\" \/><\/figure>\n<\/figure>\n","protected":false},"excerpt":{"rendered":"<p>Ho, ho, ho.Od poniedzia\u0142ku na tablicy korkowej obok sali 104 b\u0119d\u0105 pojawia\u0142y si\u0119 zadania dla klasy 8 SP i wszystkich klas LO (b\u0119d\u0105 to zadania z matematyki i biologii). B\u0119dziemy wsp\u00f3lnie odliczali dni do \u015awi\u0105t Proponujemy robi\u0107 zdj\u0119cia zada\u0144, poniewa\u017c b\u0119d\u0105 one zmieniane ka\u017cdego dnia rano. Zadania z weekendu b\u0119d\u0105 pojawia\u0142y si\u0119 w pi\u0105tek lub&#8230;<\/p>\n","protected":false},"author":7,"featured_media":0,"comment_status":"closed","ping_status":"closed","sticky":false,"template":"","format":"standard","meta":{"footnotes":""},"categories":[1],"tags":[],"class_list":["post-2914","post","type-post","status-publish","format-standard","hentry","category-bez-kategorii"],"_links":{"self":[{"href":"https:\/\/mieszko.edu.pl\/liceum\/wp-json\/wp\/v2\/posts\/2914","targetHints":{"allow":["GET"]}}],"collection":[{"href":"https:\/\/mieszko.edu.pl\/liceum\/wp-json\/wp\/v2\/posts"}],"about":[{"href":"https:\/\/mieszko.edu.pl\/liceum\/wp-json\/wp\/v2\/types\/post"}],"author":[{"embeddable":true,"href":"https:\/\/mieszko.edu.pl\/liceum\/wp-json\/wp\/v2\/users\/7"}],"replies":[{"embeddable":true,"href":"https:\/\/mieszko.edu.pl\/liceum\/wp-json\/wp\/v2\/comments?post=2914"}],"version-history":[{"count":2,"href":"https:\/\/mieszko.edu.pl\/liceum\/wp-json\/wp\/v2\/posts\/2914\/revisions"}],"predecessor-version":[{"id":2935,"href":"https:\/\/mieszko.edu.pl\/liceum\/wp-json\/wp\/v2\/posts\/2914\/revisions\/2935"}],"wp:attachment":[{"href":"https:\/\/mieszko.edu.pl\/liceum\/wp-json\/wp\/v2\/media?parent=2914"}],"wp:term":[{"taxonomy":"category","embeddable":true,"href":"https:\/\/mieszko.edu.pl\/liceum\/wp-json\/wp\/v2\/categories?post=2914"},{"taxonomy":"post_tag","embeddable":true,"href":"https:\/\/mieszko.edu.pl\/liceum\/wp-json\/wp\/v2\/tags?post=2914"}],"curies":[{"name":"wp","href":"https:\/\/api.w.org\/{rel}","templated":true}]}}