{"id":2918,"date":"2023-12-11T10:34:17","date_gmt":"2023-12-11T09:34:17","guid":{"rendered":"https:\/\/mieszko.edu.pl\/liceum\/?p=2918"},"modified":"2023-12-11T12:08:52","modified_gmt":"2023-12-11T11:08:52","slug":"wyklad-pana-wawrzynca-wierzejewskiego","status":"publish","type":"post","link":"https:\/\/mieszko.edu.pl\/liceum\/aktualnosci\/wyklad-pana-wawrzynca-wierzejewskiego\/","title":{"rendered":"Wyk\u0142ad Pana Wawrzy\u0144ca Wierzejewskiego"},"content":{"rendered":"\n<p>W czwartek 7 grudnia liceali\u015bci wys\u0142uchali wyk\u0142adu pana Wawrzy\u0144ca Wierzejewskiego-prezesa Oddzia\u0142u Wielkopolskiego Towarzystwa Pami\u0119ci Powstania Wielkopolskiego 1918-1919. Wyk\u0142ad dotyczy\u0142 udzia\u0142u m\u0142odzie\u017cy w walkach powsta\u0144czych. Nasz go\u015b\u0107 jest potomkiem powsta\u0144c\u00f3w wielkopolskich, kt\u00f3rzy aktywnie dzia\u0142ali na rzecz odzyskania niepodleg\u0142o\u015bci, organizuj\u0105c m.in. pierwsze grupy skautingowe\/harcerskie w naszym regionie.<\/p>\n\n\n\n<figure class=\"wp-block-gallery has-nested-images columns-default is-cropped wp-block-gallery-1 is-layout-flex wp-block-gallery-is-layout-flex\">\n<figure class=\"wp-block-image size-large\"><img loading=\"lazy\" decoding=\"async\" width=\"768\" height=\"1024\" data-id=\"2930\" src=\"https:\/\/mieszko.edu.pl\/liceum\/wp-content\/uploads\/2023\/12\/406756777_955010699510154_4071814849424726809_n-1-768x1024.jpg\" alt=\"\" class=\"wp-image-2930\" srcset=\"https:\/\/mieszko.edu.pl\/liceum\/wp-content\/uploads\/2023\/12\/406756777_955010699510154_4071814849424726809_n-1-768x1024.jpg 768w, https:\/\/mieszko.edu.pl\/liceum\/wp-content\/uploads\/2023\/12\/406756777_955010699510154_4071814849424726809_n-1-225x300.jpg 225w, https:\/\/mieszko.edu.pl\/liceum\/wp-content\/uploads\/2023\/12\/406756777_955010699510154_4071814849424726809_n-1-300x400.jpg 300w, https:\/\/mieszko.edu.pl\/liceum\/wp-content\/uploads\/2023\/12\/406756777_955010699510154_4071814849424726809_n-1-1152x1536.jpg 1152w, https:\/\/mieszko.edu.pl\/liceum\/wp-content\/uploads\/2023\/12\/406756777_955010699510154_4071814849424726809_n-1.jpg 1536w\" sizes=\"auto, (max-width: 768px) 100vw, 768px\" \/><\/figure>\n\n\n\n<figure class=\"wp-block-image size-large\"><img loading=\"lazy\" decoding=\"async\" width=\"768\" height=\"1024\" data-id=\"2929\" src=\"https:\/\/mieszko.edu.pl\/liceum\/wp-content\/uploads\/2023\/12\/image0-2-768x1024.jpeg\" alt=\"\" class=\"wp-image-2929\" srcset=\"https:\/\/mieszko.edu.pl\/liceum\/wp-content\/uploads\/2023\/12\/image0-2-768x1024.jpeg 768w, https:\/\/mieszko.edu.pl\/liceum\/wp-content\/uploads\/2023\/12\/image0-2-225x300.jpeg 225w, https:\/\/mieszko.edu.pl\/liceum\/wp-content\/uploads\/2023\/12\/image0-2-300x400.jpeg 300w, https:\/\/mieszko.edu.pl\/liceum\/wp-content\/uploads\/2023\/12\/image0-2-1152x1536.jpeg 1152w, https:\/\/mieszko.edu.pl\/liceum\/wp-content\/uploads\/2023\/12\/image0-2.jpeg 1536w\" sizes=\"auto, (max-width: 768px) 100vw, 768px\" \/><\/figure>\n\n\n\n<figure class=\"wp-block-image size-large\"><img loading=\"lazy\" decoding=\"async\" width=\"480\" height=\"640\" data-id=\"2927\" src=\"https:\/\/mieszko.edu.pl\/liceum\/wp-content\/uploads\/2023\/12\/image1-2-rotated.jpeg\" alt=\"\" class=\"wp-image-2927\" srcset=\"https:\/\/mieszko.edu.pl\/liceum\/wp-content\/uploads\/2023\/12\/image1-2-rotated.jpeg 480w, https:\/\/mieszko.edu.pl\/liceum\/wp-content\/uploads\/2023\/12\/image1-2-225x300.jpeg 225w, https:\/\/mieszko.edu.pl\/liceum\/wp-content\/uploads\/2023\/12\/image1-2-300x400.jpeg 300w\" sizes=\"auto, (max-width: 480px) 100vw, 480px\" \/><\/figure>\n\n\n\n<figure class=\"wp-block-image size-large\"><img loading=\"lazy\" decoding=\"async\" width=\"480\" height=\"640\" data-id=\"2931\" src=\"https:\/\/mieszko.edu.pl\/liceum\/wp-content\/uploads\/2023\/12\/image2-2-rotated.jpeg\" alt=\"\" class=\"wp-image-2931\" srcset=\"https:\/\/mieszko.edu.pl\/liceum\/wp-content\/uploads\/2023\/12\/image2-2-rotated.jpeg 480w, https:\/\/mieszko.edu.pl\/liceum\/wp-content\/uploads\/2023\/12\/image2-2-225x300.jpeg 225w, https:\/\/mieszko.edu.pl\/liceum\/wp-content\/uploads\/2023\/12\/image2-2-300x400.jpeg 300w\" sizes=\"auto, (max-width: 480px) 100vw, 480px\" \/><\/figure>\n\n\n\n<figure class=\"wp-block-image size-large\"><img loading=\"lazy\" decoding=\"async\" width=\"768\" height=\"1024\" data-id=\"2928\" src=\"https:\/\/mieszko.edu.pl\/liceum\/wp-content\/uploads\/2023\/12\/406843152_955010546176836_3326273028978960277_n-768x1024.jpg\" alt=\"\" class=\"wp-image-2928\" srcset=\"https:\/\/mieszko.edu.pl\/liceum\/wp-content\/uploads\/2023\/12\/406843152_955010546176836_3326273028978960277_n-768x1024.jpg 768w, https:\/\/mieszko.edu.pl\/liceum\/wp-content\/uploads\/2023\/12\/406843152_955010546176836_3326273028978960277_n-225x300.jpg 225w, https:\/\/mieszko.edu.pl\/liceum\/wp-content\/uploads\/2023\/12\/406843152_955010546176836_3326273028978960277_n-300x400.jpg 300w, https:\/\/mieszko.edu.pl\/liceum\/wp-content\/uploads\/2023\/12\/406843152_955010546176836_3326273028978960277_n-1152x1536.jpg 1152w, https:\/\/mieszko.edu.pl\/liceum\/wp-content\/uploads\/2023\/12\/406843152_955010546176836_3326273028978960277_n.jpg 1536w\" sizes=\"auto, (max-width: 768px) 100vw, 768px\" \/><\/figure>\n<\/figure>\n","protected":false},"excerpt":{"rendered":"<p>W czwartek 7 grudnia liceali\u015bci wys\u0142uchali wyk\u0142adu pana Wawrzy\u0144ca Wierzejewskiego-prezesa Oddzia\u0142u Wielkopolskiego Towarzystwa Pami\u0119ci Powstania Wielkopolskiego 1918-1919. Wyk\u0142ad dotyczy\u0142 udzia\u0142u m\u0142odzie\u017cy w walkach powsta\u0144czych. Nasz go\u015b\u0107 jest potomkiem powsta\u0144c\u00f3w wielkopolskich, kt\u00f3rzy aktywnie dzia\u0142ali na rzecz odzyskania niepodleg\u0142o\u015bci, organizuj\u0105c m.in. pierwsze grupy skautingowe\/harcerskie w naszym regionie.<\/p>\n","protected":false},"author":7,"featured_media":0,"comment_status":"closed","ping_status":"closed","sticky":false,"template":"","format":"standard","meta":{"footnotes":""},"categories":[1],"tags":[6],"class_list":["post-2918","post","type-post","status-publish","format-standard","hentry","category-bez-kategorii","tag-lo-poznan"],"_links":{"self":[{"href":"https:\/\/mieszko.edu.pl\/liceum\/wp-json\/wp\/v2\/posts\/2918","targetHints":{"allow":["GET"]}}],"collection":[{"href":"https:\/\/mieszko.edu.pl\/liceum\/wp-json\/wp\/v2\/posts"}],"about":[{"href":"https:\/\/mieszko.edu.pl\/liceum\/wp-json\/wp\/v2\/types\/post"}],"author":[{"embeddable":true,"href":"https:\/\/mieszko.edu.pl\/liceum\/wp-json\/wp\/v2\/users\/7"}],"replies":[{"embeddable":true,"href":"https:\/\/mieszko.edu.pl\/liceum\/wp-json\/wp\/v2\/comments?post=2918"}],"version-history":[{"count":3,"href":"https:\/\/mieszko.edu.pl\/liceum\/wp-json\/wp\/v2\/posts\/2918\/revisions"}],"predecessor-version":[{"id":2934,"href":"https:\/\/mieszko.edu.pl\/liceum\/wp-json\/wp\/v2\/posts\/2918\/revisions\/2934"}],"wp:attachment":[{"href":"https:\/\/mieszko.edu.pl\/liceum\/wp-json\/wp\/v2\/media?parent=2918"}],"wp:term":[{"taxonomy":"category","embeddable":true,"href":"https:\/\/mieszko.edu.pl\/liceum\/wp-json\/wp\/v2\/categories?post=2918"},{"taxonomy":"post_tag","embeddable":true,"href":"https:\/\/mieszko.edu.pl\/liceum\/wp-json\/wp\/v2\/tags?post=2918"}],"curies":[{"name":"wp","href":"https:\/\/api.w.org\/{rel}","templated":true}]}}