{"id":2960,"date":"2023-12-21T14:39:16","date_gmt":"2023-12-21T13:39:16","guid":{"rendered":"https:\/\/mieszko.edu.pl\/liceum\/?p=2960"},"modified":"2023-12-21T15:00:38","modified_gmt":"2023-12-21T14:00:38","slug":"dni-otwarte-w-poznanskiej-akademii-medyczne","status":"publish","type":"post","link":"https:\/\/mieszko.edu.pl\/liceum\/aktualnosci\/dni-otwarte-w-poznanskiej-akademii-medyczne\/","title":{"rendered":"Dni Otwarte w Pozna\u0144skiej Akademii Medycznej"},"content":{"rendered":"\n<p><\/p>\n\n\n\n<p><\/p>\n\n\n\n<p>W pi\u0105tek 15 grudnia liceali\u015bci brali udzia\u0142 w Dniach Otwartych Pozna\u0144skiej Akademii Medycznej im. Ksi\u0119cia Mieszka I. Podczas tego wyj\u0105tkowego wydarzenia mieli okazj\u0119 uczestniczy\u0107 w inspiruj\u0105cych warsztatach z zakresu medycyny i ratownictwa medycznego. Wyk\u0142ady i praktyczne zaj\u0119cia dostarczy\u0142y nie tylko wiedzy, ale tak\u017ce niezapomnianych do\u015bwiadcze\u0144. Dzi\u0119ki temu wydarzeniu uczniowie mieli okazj\u0119 wczu\u0107 si\u0119 w swoj\u0105 medyczn\u0105 przysz\u0142o\u015b\u0107 i odkry\u0107 fascynuj\u0105cy \u015bwiat studi\u00f3w na Pozna\u0144skiej Akademii Medycznej.<\/p>\n\n\n\n<figure class=\"wp-block-gallery has-nested-images columns-default is-cropped wp-block-gallery-1 is-layout-flex wp-block-gallery-is-layout-flex\">\n<figure class=\"wp-block-image size-large\"><img loading=\"lazy\" decoding=\"async\" width=\"1024\" height=\"473\" data-id=\"2961\" src=\"https:\/\/mieszko.edu.pl\/liceum\/wp-content\/uploads\/2023\/12\/20231215_095525-1024x473.jpg\" alt=\"\" class=\"wp-image-2961\" srcset=\"https:\/\/mieszko.edu.pl\/liceum\/wp-content\/uploads\/2023\/12\/20231215_095525-1024x473.jpg 1024w, https:\/\/mieszko.edu.pl\/liceum\/wp-content\/uploads\/2023\/12\/20231215_095525-300x139.jpg 300w, https:\/\/mieszko.edu.pl\/liceum\/wp-content\/uploads\/2023\/12\/20231215_095525-768x355.jpg 768w, https:\/\/mieszko.edu.pl\/liceum\/wp-content\/uploads\/2023\/12\/20231215_095525-1536x710.jpg 1536w, https:\/\/mieszko.edu.pl\/liceum\/wp-content\/uploads\/2023\/12\/20231215_095525-2048x946.jpg 2048w\" sizes=\"auto, (max-width: 1024px) 100vw, 1024px\" \/><\/figure>\n\n\n\n\n\n\n\n\n\n<figure class=\"wp-block-image size-large\"><img loading=\"lazy\" decoding=\"async\" width=\"1024\" height=\"473\" data-id=\"2962\" src=\"https:\/\/mieszko.edu.pl\/liceum\/wp-content\/uploads\/2023\/12\/20231215_105108-1024x473.jpg\" alt=\"\" class=\"wp-image-2962\" srcset=\"https:\/\/mieszko.edu.pl\/liceum\/wp-content\/uploads\/2023\/12\/20231215_105108-1024x473.jpg 1024w, https:\/\/mieszko.edu.pl\/liceum\/wp-content\/uploads\/2023\/12\/20231215_105108-300x139.jpg 300w, https:\/\/mieszko.edu.pl\/liceum\/wp-content\/uploads\/2023\/12\/20231215_105108-768x355.jpg 768w, https:\/\/mieszko.edu.pl\/liceum\/wp-content\/uploads\/2023\/12\/20231215_105108-1536x710.jpg 1536w, https:\/\/mieszko.edu.pl\/liceum\/wp-content\/uploads\/2023\/12\/20231215_105108-2048x946.jpg 2048w\" sizes=\"auto, (max-width: 1024px) 100vw, 1024px\" \/><\/figure>\n<\/figure>\n","protected":false},"excerpt":{"rendered":"<p>W pi\u0105tek 15 grudnia liceali\u015bci brali udzia\u0142 w Dniach Otwartych Pozna\u0144skiej Akademii Medycznej im. Ksi\u0119cia Mieszka I. Podczas tego wyj\u0105tkowego wydarzenia mieli okazj\u0119 uczestniczy\u0107 w inspiruj\u0105cych warsztatach z zakresu medycyny i ratownictwa medycznego. Wyk\u0142ady i praktyczne zaj\u0119cia dostarczy\u0142y nie tylko wiedzy, ale tak\u017ce niezapomnianych do\u015bwiadcze\u0144. Dzi\u0119ki temu wydarzeniu uczniowie mieli okazj\u0119 wczu\u0107 si\u0119 w swoj\u0105&#8230;<\/p>\n","protected":false},"author":7,"featured_media":0,"comment_status":"closed","ping_status":"closed","sticky":false,"template":"","format":"standard","meta":{"footnotes":""},"categories":[1],"tags":[],"class_list":["post-2960","post","type-post","status-publish","format-standard","hentry","category-bez-kategorii"],"_links":{"self":[{"href":"https:\/\/mieszko.edu.pl\/liceum\/wp-json\/wp\/v2\/posts\/2960","targetHints":{"allow":["GET"]}}],"collection":[{"href":"https:\/\/mieszko.edu.pl\/liceum\/wp-json\/wp\/v2\/posts"}],"about":[{"href":"https:\/\/mieszko.edu.pl\/liceum\/wp-json\/wp\/v2\/types\/post"}],"author":[{"embeddable":true,"href":"https:\/\/mieszko.edu.pl\/liceum\/wp-json\/wp\/v2\/users\/7"}],"replies":[{"embeddable":true,"href":"https:\/\/mieszko.edu.pl\/liceum\/wp-json\/wp\/v2\/comments?post=2960"}],"version-history":[{"count":3,"href":"https:\/\/mieszko.edu.pl\/liceum\/wp-json\/wp\/v2\/posts\/2960\/revisions"}],"predecessor-version":[{"id":2971,"href":"https:\/\/mieszko.edu.pl\/liceum\/wp-json\/wp\/v2\/posts\/2960\/revisions\/2971"}],"wp:attachment":[{"href":"https:\/\/mieszko.edu.pl\/liceum\/wp-json\/wp\/v2\/media?parent=2960"}],"wp:term":[{"taxonomy":"category","embeddable":true,"href":"https:\/\/mieszko.edu.pl\/liceum\/wp-json\/wp\/v2\/categories?post=2960"},{"taxonomy":"post_tag","embeddable":true,"href":"https:\/\/mieszko.edu.pl\/liceum\/wp-json\/wp\/v2\/tags?post=2960"}],"curies":[{"name":"wp","href":"https:\/\/api.w.org\/{rel}","templated":true}]}}