{"id":3043,"date":"2024-02-09T14:36:20","date_gmt":"2024-02-09T13:36:20","guid":{"rendered":"https:\/\/mieszko.edu.pl\/liceum\/?p=3043"},"modified":"2024-02-09T14:36:21","modified_gmt":"2024-02-09T13:36:21","slug":"wycieczka-do-muzeum-archidiecezjalnego-w-poznaniu","status":"publish","type":"post","link":"https:\/\/mieszko.edu.pl\/liceum\/aktualnosci\/wycieczka-do-muzeum-archidiecezjalnego-w-poznaniu\/","title":{"rendered":"Wycieczka do Muzeum Archidiecezjalnego w Poznaniu"},"content":{"rendered":"\n<p>Dzi\u015b nasi uczniowie klas 1b oraz 2a, 2b, 2d odwiedzili Muzeum Archidiecezjalne w Poznaniu <img loading=\"lazy\" decoding=\"async\" height=\"16\" width=\"16\" src=\"https:\/\/static.xx.fbcdn.net\/images\/emoji.php\/v9\/t95\/1\/16\/1f3f0.png\" alt=\"&#x1f3f0;\"> Uczniowie mieli okazj\u0119 zag\u0142\u0119bi\u0107 si\u0119 w \u015bwiat sztuki i historii <img loading=\"lazy\" decoding=\"async\" height=\"16\" width=\"16\" src=\"https:\/\/static.xx.fbcdn.net\/images\/emoji.php\/v9\/t82\/1\/16\/1f3a8.png\" alt=\"&#x1f3a8;\"> Podczas wizyty mogli podziwia\u0107 niezwyk\u0142e obrazy i rze\u017aby z epoki \u015bredniowiecza, przenosz\u0105c si\u0119 w magiczny czas przesz\u0142o\u015bci. Z fascynacj\u0105 ogl\u0105dali dzie\u0142a sztuki nie tylko z tej epoki, ale r\u00f3wnie\u017c z innych wa\u017cnych okres\u00f3w historycznych<img loading=\"lazy\" decoding=\"async\" height=\"16\" width=\"16\" src=\"https:\/\/static.xx.fbcdn.net\/images\/emoji.php\/v9\/tc1\/1\/16\/1f50d.png\" alt=\"&#x1f50d;\"><\/p>\n\n\n\n<p>Dzi\u0119kujemy Muzeum Archidiecezjalnemu w Poznaniu za ciekaw\u0105 lekcj\u0119 historii i sztuki! <img loading=\"lazy\" decoding=\"async\" height=\"16\" width=\"16\" src=\"https:\/\/static.xx.fbcdn.net\/images\/emoji.php\/v9\/tfd\/1\/16\/1f64c.png\" alt=\"&#x1f64c;\"><img loading=\"lazy\" decoding=\"async\" height=\"16\" width=\"16\" src=\"https:\/\/static.xx.fbcdn.net\/images\/emoji.php\/v9\/t89\/1\/16\/1f3db.png\" alt=\"&#x1f3db;&#xfe0f;\"><\/p>\n\n\n\n<figure class=\"wp-block-gallery has-nested-images columns-default is-cropped wp-block-gallery-1 is-layout-flex wp-block-gallery-is-layout-flex\">\n<figure class=\"wp-block-image size-large\"><img loading=\"lazy\" decoding=\"async\" width=\"768\" height=\"1024\" data-id=\"3052\" src=\"https:\/\/mieszko.edu.pl\/liceum\/wp-content\/uploads\/2024\/02\/IMG_3597_Easy-Resize.com_-1-768x1024.jpg\" alt=\"\" class=\"wp-image-3052\" srcset=\"https:\/\/mieszko.edu.pl\/liceum\/wp-content\/uploads\/2024\/02\/IMG_3597_Easy-Resize.com_-1-768x1024.jpg 768w, https:\/\/mieszko.edu.pl\/liceum\/wp-content\/uploads\/2024\/02\/IMG_3597_Easy-Resize.com_-1-225x300.jpg 225w, https:\/\/mieszko.edu.pl\/liceum\/wp-content\/uploads\/2024\/02\/IMG_3597_Easy-Resize.com_-1-300x400.jpg 300w, https:\/\/mieszko.edu.pl\/liceum\/wp-content\/uploads\/2024\/02\/IMG_3597_Easy-Resize.com_-1.jpg 960w\" sizes=\"auto, (max-width: 768px) 100vw, 768px\" \/><\/figure>\n\n\n\n<figure class=\"wp-block-image size-large\"><img loading=\"lazy\" decoding=\"async\" width=\"768\" height=\"1024\" data-id=\"3053\" src=\"https:\/\/mieszko.edu.pl\/liceum\/wp-content\/uploads\/2024\/02\/IMG_3598_Easy-Resize.com_-1-768x1024.jpg\" alt=\"\" class=\"wp-image-3053\" srcset=\"https:\/\/mieszko.edu.pl\/liceum\/wp-content\/uploads\/2024\/02\/IMG_3598_Easy-Resize.com_-1-768x1024.jpg 768w, https:\/\/mieszko.edu.pl\/liceum\/wp-content\/uploads\/2024\/02\/IMG_3598_Easy-Resize.com_-1-225x300.jpg 225w, https:\/\/mieszko.edu.pl\/liceum\/wp-content\/uploads\/2024\/02\/IMG_3598_Easy-Resize.com_-1-300x400.jpg 300w, https:\/\/mieszko.edu.pl\/liceum\/wp-content\/uploads\/2024\/02\/IMG_3598_Easy-Resize.com_-1.jpg 960w\" sizes=\"auto, (max-width: 768px) 100vw, 768px\" \/><\/figure>\n\n\n\n<figure class=\"wp-block-image size-large\"><img loading=\"lazy\" decoding=\"async\" width=\"768\" height=\"1024\" data-id=\"3051\" src=\"https:\/\/mieszko.edu.pl\/liceum\/wp-content\/uploads\/2024\/02\/IMG_3600_Easy-Resize.com_-1-768x1024.jpg\" alt=\"\" class=\"wp-image-3051\" srcset=\"https:\/\/mieszko.edu.pl\/liceum\/wp-content\/uploads\/2024\/02\/IMG_3600_Easy-Resize.com_-1-768x1024.jpg 768w, https:\/\/mieszko.edu.pl\/liceum\/wp-content\/uploads\/2024\/02\/IMG_3600_Easy-Resize.com_-1-225x300.jpg 225w, https:\/\/mieszko.edu.pl\/liceum\/wp-content\/uploads\/2024\/02\/IMG_3600_Easy-Resize.com_-1-300x400.jpg 300w, https:\/\/mieszko.edu.pl\/liceum\/wp-content\/uploads\/2024\/02\/IMG_3600_Easy-Resize.com_-1.jpg 960w\" sizes=\"auto, (max-width: 768px) 100vw, 768px\" \/><\/figure>\n\n\n\n<figure class=\"wp-block-image size-large\"><img loading=\"lazy\" decoding=\"async\" width=\"768\" height=\"1024\" data-id=\"3054\" src=\"https:\/\/mieszko.edu.pl\/liceum\/wp-content\/uploads\/2024\/02\/IMG_3602_Easy-Resize.com_-1-768x1024.jpg\" alt=\"\" class=\"wp-image-3054\" srcset=\"https:\/\/mieszko.edu.pl\/liceum\/wp-content\/uploads\/2024\/02\/IMG_3602_Easy-Resize.com_-1-768x1024.jpg 768w, https:\/\/mieszko.edu.pl\/liceum\/wp-content\/uploads\/2024\/02\/IMG_3602_Easy-Resize.com_-1-225x300.jpg 225w, https:\/\/mieszko.edu.pl\/liceum\/wp-content\/uploads\/2024\/02\/IMG_3602_Easy-Resize.com_-1-300x400.jpg 300w, https:\/\/mieszko.edu.pl\/liceum\/wp-content\/uploads\/2024\/02\/IMG_3602_Easy-Resize.com_-1.jpg 960w\" sizes=\"auto, (max-width: 768px) 100vw, 768px\" \/><\/figure>\n\n\n\n<figure class=\"wp-block-image size-large\"><img loading=\"lazy\" decoding=\"async\" width=\"768\" height=\"1024\" data-id=\"3050\" src=\"https:\/\/mieszko.edu.pl\/liceum\/wp-content\/uploads\/2024\/02\/IMG_3604_Easy-Resize.com_-1-768x1024.jpg\" alt=\"\" class=\"wp-image-3050\" srcset=\"https:\/\/mieszko.edu.pl\/liceum\/wp-content\/uploads\/2024\/02\/IMG_3604_Easy-Resize.com_-1-768x1024.jpg 768w, https:\/\/mieszko.edu.pl\/liceum\/wp-content\/uploads\/2024\/02\/IMG_3604_Easy-Resize.com_-1-225x300.jpg 225w, https:\/\/mieszko.edu.pl\/liceum\/wp-content\/uploads\/2024\/02\/IMG_3604_Easy-Resize.com_-1-300x400.jpg 300w, https:\/\/mieszko.edu.pl\/liceum\/wp-content\/uploads\/2024\/02\/IMG_3604_Easy-Resize.com_-1.jpg 960w\" sizes=\"auto, (max-width: 768px) 100vw, 768px\" \/><\/figure>\n\n\n\n<figure class=\"wp-block-image size-large\"><img loading=\"lazy\" decoding=\"async\" width=\"1024\" height=\"768\" data-id=\"3055\" src=\"https:\/\/mieszko.edu.pl\/liceum\/wp-content\/uploads\/2024\/02\/IMG_3606_Easy-Resize.com_-1-1024x768.jpg\" alt=\"\" class=\"wp-image-3055\" srcset=\"https:\/\/mieszko.edu.pl\/liceum\/wp-content\/uploads\/2024\/02\/IMG_3606_Easy-Resize.com_-1-1024x768.jpg 1024w, https:\/\/mieszko.edu.pl\/liceum\/wp-content\/uploads\/2024\/02\/IMG_3606_Easy-Resize.com_-1-300x225.jpg 300w, https:\/\/mieszko.edu.pl\/liceum\/wp-content\/uploads\/2024\/02\/IMG_3606_Easy-Resize.com_-1-768x576.jpg 768w, https:\/\/mieszko.edu.pl\/liceum\/wp-content\/uploads\/2024\/02\/IMG_3606_Easy-Resize.com_-1.jpg 1280w\" sizes=\"auto, (max-width: 1024px) 100vw, 1024px\" \/><\/figure>\n<\/figure>\n","protected":false},"excerpt":{"rendered":"<p>Dzi\u015b nasi uczniowie klas 1b oraz 2a, 2b, 2d odwiedzili Muzeum Archidiecezjalne w Poznaniu Uczniowie mieli okazj\u0119 zag\u0142\u0119bi\u0107 si\u0119 w \u015bwiat sztuki i historii Podczas wizyty mogli podziwia\u0107 niezwyk\u0142e obrazy i rze\u017aby z epoki \u015bredniowiecza, przenosz\u0105c si\u0119 w magiczny czas przesz\u0142o\u015bci. Z fascynacj\u0105 ogl\u0105dali dzie\u0142a sztuki nie tylko z tej epoki, ale r\u00f3wnie\u017c z innych&#8230;<\/p>\n","protected":false},"author":7,"featured_media":0,"comment_status":"closed","ping_status":"closed","sticky":false,"template":"","format":"standard","meta":{"footnotes":""},"categories":[1],"tags":[],"class_list":["post-3043","post","type-post","status-publish","format-standard","hentry","category-bez-kategorii"],"_links":{"self":[{"href":"https:\/\/mieszko.edu.pl\/liceum\/wp-json\/wp\/v2\/posts\/3043","targetHints":{"allow":["GET"]}}],"collection":[{"href":"https:\/\/mieszko.edu.pl\/liceum\/wp-json\/wp\/v2\/posts"}],"about":[{"href":"https:\/\/mieszko.edu.pl\/liceum\/wp-json\/wp\/v2\/types\/post"}],"author":[{"embeddable":true,"href":"https:\/\/mieszko.edu.pl\/liceum\/wp-json\/wp\/v2\/users\/7"}],"replies":[{"embeddable":true,"href":"https:\/\/mieszko.edu.pl\/liceum\/wp-json\/wp\/v2\/comments?post=3043"}],"version-history":[{"count":4,"href":"https:\/\/mieszko.edu.pl\/liceum\/wp-json\/wp\/v2\/posts\/3043\/revisions"}],"predecessor-version":[{"id":3059,"href":"https:\/\/mieszko.edu.pl\/liceum\/wp-json\/wp\/v2\/posts\/3043\/revisions\/3059"}],"wp:attachment":[{"href":"https:\/\/mieszko.edu.pl\/liceum\/wp-json\/wp\/v2\/media?parent=3043"}],"wp:term":[{"taxonomy":"category","embeddable":true,"href":"https:\/\/mieszko.edu.pl\/liceum\/wp-json\/wp\/v2\/categories?post=3043"},{"taxonomy":"post_tag","embeddable":true,"href":"https:\/\/mieszko.edu.pl\/liceum\/wp-json\/wp\/v2\/tags?post=3043"}],"curies":[{"name":"wp","href":"https:\/\/api.w.org\/{rel}","templated":true}]}}