{"id":3147,"date":"2024-03-22T10:34:39","date_gmt":"2024-03-22T09:34:39","guid":{"rendered":"https:\/\/mieszko.edu.pl\/liceum\/?p=3147"},"modified":"2024-03-22T20:09:54","modified_gmt":"2024-03-22T19:09:54","slug":"drzwi-otwarte-3","status":"publish","type":"post","link":"https:\/\/mieszko.edu.pl\/liceum\/aktualnosci\/drzwi-otwarte-3\/","title":{"rendered":"Drzwi Otwarte"},"content":{"rendered":"<p>Zapraszamy \u00f3smoklasist\u00f3w i wszystkich zainteresowanych na Drzwi Otwarte w Liceum Mieszko.<\/p>\n<p>Kiedy? 05.04.2024 r. (pi\u0105tek), godz. 16-18.<br \/>\nGdzie? \u015awierzawska 18, Pozna\u0144.<\/p>\n<p>Program:<br \/>\n&#x1f538;16.00 &#8211; Spotkanie z dyrekcj\u0105, psychologiem i pedagogiem s. 114<\/p>\n<p>&#x1f538;16.30 -17.00 &#8211; do wyboru:<br \/>\n1. Trening efektywnej nauki s. 234 &#8211; A. Pa\u0142ubicka<br \/>\n2. Gry logiczne dla rodzic\u00f3w i uczni\u00f3w s. 104 &#8211; K. Kreczmer<\/p>\n<p>&#x1f538;17.00-17.30 &#8211; zwiedzanie szko\u0142y, rozmowy z nauczycielami i uczniami Liceum MIESZKO<\/p>\n<p>&#x1f538;17.30-18.00 do wyboru:<br \/>\n1. Zaj\u0119cia fotograficzne- P. Paszyn<br \/>\n2. Zaj\u0119cia sportowe &#8211; sala gimnastyczna A. Bandosz, B. Gibasiewicz<\/p>\n<p>Wi\u0119cej informacji ju\u017c wkr\u00f3tce, \u015bled\u017acie koniecznie nasze media!<img loading=\"lazy\" decoding=\"async\" class=\"alignnone size-medium wp-image-3148\" src=\"https:\/\/mieszko.edu.pl\/liceum\/wp-content\/uploads\/2024\/03\/Kremowy-Rozowy-Dzien-Matki-Akwarela-Post-na-Instagram-300x300.png\" alt=\"\" width=\"300\" height=\"300\" srcset=\"https:\/\/mieszko.edu.pl\/liceum\/wp-content\/uploads\/2024\/03\/Kremowy-Rozowy-Dzien-Matki-Akwarela-Post-na-Instagram-300x300.png 300w, https:\/\/mieszko.edu.pl\/liceum\/wp-content\/uploads\/2024\/03\/Kremowy-Rozowy-Dzien-Matki-Akwarela-Post-na-Instagram-1024x1024.png 1024w, https:\/\/mieszko.edu.pl\/liceum\/wp-content\/uploads\/2024\/03\/Kremowy-Rozowy-Dzien-Matki-Akwarela-Post-na-Instagram-150x150.png 150w, https:\/\/mieszko.edu.pl\/liceum\/wp-content\/uploads\/2024\/03\/Kremowy-Rozowy-Dzien-Matki-Akwarela-Post-na-Instagram-768x768.png 768w, https:\/\/mieszko.edu.pl\/liceum\/wp-content\/uploads\/2024\/03\/Kremowy-Rozowy-Dzien-Matki-Akwarela-Post-na-Instagram.png 1080w\" sizes=\"auto, (max-width: 300px) 100vw, 300px\" \/><\/p>\n","protected":false},"excerpt":{"rendered":"<p>Zapraszamy \u00f3smoklasist\u00f3w i wszystkich zainteresowanych na Drzwi Otwarte w Liceum Mieszko. Kiedy? 05.04.2024 r. (pi\u0105tek), godz. 16-18. Gdzie? \u015awierzawska 18, Pozna\u0144. Program: &#x1f538;16.00 &#8211; Spotkanie z dyrekcj\u0105, psychologiem i pedagogiem s. 114 &#x1f538;16.30 -17.00 &#8211; do wyboru: 1. Trening efektywnej nauki s. 234 &#8211; A. Pa\u0142ubicka 2. Gry logiczne dla rodzic\u00f3w i uczni\u00f3w s. 104&#8230;<\/p>\n","protected":false},"author":7,"featured_media":0,"comment_status":"closed","ping_status":"closed","sticky":false,"template":"","format":"standard","meta":{"footnotes":""},"categories":[1],"tags":[],"class_list":["post-3147","post","type-post","status-publish","format-standard","hentry","category-bez-kategorii"],"_links":{"self":[{"href":"https:\/\/mieszko.edu.pl\/liceum\/wp-json\/wp\/v2\/posts\/3147","targetHints":{"allow":["GET"]}}],"collection":[{"href":"https:\/\/mieszko.edu.pl\/liceum\/wp-json\/wp\/v2\/posts"}],"about":[{"href":"https:\/\/mieszko.edu.pl\/liceum\/wp-json\/wp\/v2\/types\/post"}],"author":[{"embeddable":true,"href":"https:\/\/mieszko.edu.pl\/liceum\/wp-json\/wp\/v2\/users\/7"}],"replies":[{"embeddable":true,"href":"https:\/\/mieszko.edu.pl\/liceum\/wp-json\/wp\/v2\/comments?post=3147"}],"version-history":[{"count":3,"href":"https:\/\/mieszko.edu.pl\/liceum\/wp-json\/wp\/v2\/posts\/3147\/revisions"}],"predecessor-version":[{"id":3153,"href":"https:\/\/mieszko.edu.pl\/liceum\/wp-json\/wp\/v2\/posts\/3147\/revisions\/3153"}],"wp:attachment":[{"href":"https:\/\/mieszko.edu.pl\/liceum\/wp-json\/wp\/v2\/media?parent=3147"}],"wp:term":[{"taxonomy":"category","embeddable":true,"href":"https:\/\/mieszko.edu.pl\/liceum\/wp-json\/wp\/v2\/categories?post=3147"},{"taxonomy":"post_tag","embeddable":true,"href":"https:\/\/mieszko.edu.pl\/liceum\/wp-json\/wp\/v2\/tags?post=3147"}],"curies":[{"name":"wp","href":"https:\/\/api.w.org\/{rel}","templated":true}]}}