{"id":3154,"date":"2024-03-25T07:42:40","date_gmt":"2024-03-25T06:42:40","guid":{"rendered":"https:\/\/mieszko.edu.pl\/liceum\/?p=3154"},"modified":"2024-04-03T07:33:13","modified_gmt":"2024-04-03T05:33:13","slug":"dni-turystyki","status":"publish","type":"post","link":"https:\/\/mieszko.edu.pl\/liceum\/aktualnosci\/dni-turystyki\/","title":{"rendered":"XXI Dni Turystyki"},"content":{"rendered":"<p>Uczniowie II klasy o profilu matematyczno-geograficznym wzi\u0119li udzia\u0142 w Dniach Turystyki organizowanych na Wydziale Nauk o Ziemi UAM. Mieli okazj\u0119 powspina\u0107 si\u0119 na \u015bciance wspinaczkowej, posmakowa\u0107 maureta\u0144skiej herbatki, wzi\u0105\u0107 udzia\u0142 w r\u00f3\u017cnych konkursach i dowiedzie\u0107 si\u0119, czym r\u00f3\u017cni si\u0119 krajobraz arktyczny od antarktycznego.<\/p>\n<p><img loading=\"lazy\" decoding=\"async\" class=\"alignnone size-medium wp-image-3155\" src=\"https:\/\/mieszko.edu.pl\/liceum\/wp-content\/uploads\/2024\/03\/433401559_387842017373549_3674343981946213137_n-225x300.jpg\" alt=\"\" width=\"225\" height=\"300\" srcset=\"https:\/\/mieszko.edu.pl\/liceum\/wp-content\/uploads\/2024\/03\/433401559_387842017373549_3674343981946213137_n-225x300.jpg 225w, https:\/\/mieszko.edu.pl\/liceum\/wp-content\/uploads\/2024\/03\/433401559_387842017373549_3674343981946213137_n-768x1024.jpg 768w, https:\/\/mieszko.edu.pl\/liceum\/wp-content\/uploads\/2024\/03\/433401559_387842017373549_3674343981946213137_n-300x400.jpg 300w, https:\/\/mieszko.edu.pl\/liceum\/wp-content\/uploads\/2024\/03\/433401559_387842017373549_3674343981946213137_n-1152x1536.jpg 1152w, https:\/\/mieszko.edu.pl\/liceum\/wp-content\/uploads\/2024\/03\/433401559_387842017373549_3674343981946213137_n.jpg 1536w\" sizes=\"auto, (max-width: 225px) 100vw, 225px\" \/><\/p>\n<p><img loading=\"lazy\" decoding=\"async\" class=\"alignnone size-medium wp-image-3156\" src=\"https:\/\/mieszko.edu.pl\/liceum\/wp-content\/uploads\/2024\/03\/433435850_441186301806322_4979835310896264427_n-225x300.jpg\" alt=\"\" width=\"225\" height=\"300\" srcset=\"https:\/\/mieszko.edu.pl\/liceum\/wp-content\/uploads\/2024\/03\/433435850_441186301806322_4979835310896264427_n-225x300.jpg 225w, https:\/\/mieszko.edu.pl\/liceum\/wp-content\/uploads\/2024\/03\/433435850_441186301806322_4979835310896264427_n-768x1024.jpg 768w, https:\/\/mieszko.edu.pl\/liceum\/wp-content\/uploads\/2024\/03\/433435850_441186301806322_4979835310896264427_n-300x400.jpg 300w, https:\/\/mieszko.edu.pl\/liceum\/wp-content\/uploads\/2024\/03\/433435850_441186301806322_4979835310896264427_n-1152x1536.jpg 1152w, https:\/\/mieszko.edu.pl\/liceum\/wp-content\/uploads\/2024\/03\/433435850_441186301806322_4979835310896264427_n.jpg 1536w\" sizes=\"auto, (max-width: 225px) 100vw, 225px\" \/><\/p>\n<p><img loading=\"lazy\" decoding=\"async\" class=\"alignnone size-medium wp-image-3157\" src=\"https:\/\/mieszko.edu.pl\/liceum\/wp-content\/uploads\/2024\/03\/433465803_288870944232299_1747807223597317420_n-300x225.jpg\" alt=\"\" width=\"300\" height=\"225\" srcset=\"https:\/\/mieszko.edu.pl\/liceum\/wp-content\/uploads\/2024\/03\/433465803_288870944232299_1747807223597317420_n-300x225.jpg 300w, https:\/\/mieszko.edu.pl\/liceum\/wp-content\/uploads\/2024\/03\/433465803_288870944232299_1747807223597317420_n-1024x768.jpg 1024w, https:\/\/mieszko.edu.pl\/liceum\/wp-content\/uploads\/2024\/03\/433465803_288870944232299_1747807223597317420_n-768x576.jpg 768w, https:\/\/mieszko.edu.pl\/liceum\/wp-content\/uploads\/2024\/03\/433465803_288870944232299_1747807223597317420_n-1536x1152.jpg 1536w, https:\/\/mieszko.edu.pl\/liceum\/wp-content\/uploads\/2024\/03\/433465803_288870944232299_1747807223597317420_n.jpg 2048w\" sizes=\"auto, (max-width: 300px) 100vw, 300px\" \/><\/p>\n","protected":false},"excerpt":{"rendered":"<p>Uczniowie II klasy o profilu matematyczno-geograficznym wzi\u0119li udzia\u0142 w Dniach Turystyki organizowanych na Wydziale Nauk o Ziemi UAM. Mieli okazj\u0119 powspina\u0107 si\u0119 na \u015bciance wspinaczkowej, posmakowa\u0107 maureta\u0144skiej herbatki, wzi\u0105\u0107 udzia\u0142 w r\u00f3\u017cnych konkursach i dowiedzie\u0107 si\u0119, czym r\u00f3\u017cni si\u0119 krajobraz arktyczny od antarktycznego.<\/p>\n","protected":false},"author":7,"featured_media":0,"comment_status":"closed","ping_status":"closed","sticky":false,"template":"","format":"standard","meta":{"footnotes":""},"categories":[1],"tags":[],"class_list":["post-3154","post","type-post","status-publish","format-standard","hentry","category-bez-kategorii"],"_links":{"self":[{"href":"https:\/\/mieszko.edu.pl\/liceum\/wp-json\/wp\/v2\/posts\/3154","targetHints":{"allow":["GET"]}}],"collection":[{"href":"https:\/\/mieszko.edu.pl\/liceum\/wp-json\/wp\/v2\/posts"}],"about":[{"href":"https:\/\/mieszko.edu.pl\/liceum\/wp-json\/wp\/v2\/types\/post"}],"author":[{"embeddable":true,"href":"https:\/\/mieszko.edu.pl\/liceum\/wp-json\/wp\/v2\/users\/7"}],"replies":[{"embeddable":true,"href":"https:\/\/mieszko.edu.pl\/liceum\/wp-json\/wp\/v2\/comments?post=3154"}],"version-history":[{"count":4,"href":"https:\/\/mieszko.edu.pl\/liceum\/wp-json\/wp\/v2\/posts\/3154\/revisions"}],"predecessor-version":[{"id":3169,"href":"https:\/\/mieszko.edu.pl\/liceum\/wp-json\/wp\/v2\/posts\/3154\/revisions\/3169"}],"wp:attachment":[{"href":"https:\/\/mieszko.edu.pl\/liceum\/wp-json\/wp\/v2\/media?parent=3154"}],"wp:term":[{"taxonomy":"category","embeddable":true,"href":"https:\/\/mieszko.edu.pl\/liceum\/wp-json\/wp\/v2\/categories?post=3154"},{"taxonomy":"post_tag","embeddable":true,"href":"https:\/\/mieszko.edu.pl\/liceum\/wp-json\/wp\/v2\/tags?post=3154"}],"curies":[{"name":"wp","href":"https:\/\/api.w.org\/{rel}","templated":true}]}}