{"id":3161,"date":"2024-03-25T07:44:12","date_gmt":"2024-03-25T06:44:12","guid":{"rendered":"https:\/\/mieszko.edu.pl\/liceum\/?p=3161"},"modified":"2024-04-03T07:32:17","modified_gmt":"2024-04-03T05:32:17","slug":"wycieczka-kola-geograficzno-krajoznawczego","status":"publish","type":"post","link":"https:\/\/mieszko.edu.pl\/liceum\/aktualnosci\/wycieczka-kola-geograficzno-krajoznawczego\/","title":{"rendered":"Wycieczka ko\u0142a geograficzno-krajoznawczego"},"content":{"rendered":"<p>W marcu odby\u0142a si\u0119 kolejna wycieczka w ramach k\u00f3\u0142ka geograficzno-krajoznawczego. Tym razem odwiedzili\u015bmy najwi\u0119ksz\u0105 i najstarsz\u0105 palmiarni\u0119 w Polsce i jedn\u0105 z najstarszych w Europie. Dla uczni\u00f3w by\u0142a to \u017cywa lekcja stref klimatycznych i ich flory.<br \/>\n<img loading=\"lazy\" decoding=\"async\" class=\"alignnone size-medium wp-image-3162\" src=\"https:\/\/mieszko.edu.pl\/liceum\/wp-content\/uploads\/2024\/03\/433479064_7302893693093648_1828910196289931004_n-225x300.jpg\" alt=\"\" width=\"225\" height=\"300\" srcset=\"https:\/\/mieszko.edu.pl\/liceum\/wp-content\/uploads\/2024\/03\/433479064_7302893693093648_1828910196289931004_n-225x300.jpg 225w, https:\/\/mieszko.edu.pl\/liceum\/wp-content\/uploads\/2024\/03\/433479064_7302893693093648_1828910196289931004_n-768x1024.jpg 768w, https:\/\/mieszko.edu.pl\/liceum\/wp-content\/uploads\/2024\/03\/433479064_7302893693093648_1828910196289931004_n-300x400.jpg 300w, https:\/\/mieszko.edu.pl\/liceum\/wp-content\/uploads\/2024\/03\/433479064_7302893693093648_1828910196289931004_n-1152x1536.jpg 1152w, https:\/\/mieszko.edu.pl\/liceum\/wp-content\/uploads\/2024\/03\/433479064_7302893693093648_1828910196289931004_n.jpg 1536w\" sizes=\"auto, (max-width: 225px) 100vw, 225px\" \/><\/p>\n<p><img loading=\"lazy\" decoding=\"async\" class=\"alignnone size-medium wp-image-3163\" src=\"https:\/\/mieszko.edu.pl\/liceum\/wp-content\/uploads\/2024\/03\/433508656_3026836180782346_2643045447862720560_n-225x300.jpg\" alt=\"\" width=\"225\" height=\"300\" srcset=\"https:\/\/mieszko.edu.pl\/liceum\/wp-content\/uploads\/2024\/03\/433508656_3026836180782346_2643045447862720560_n-225x300.jpg 225w, https:\/\/mieszko.edu.pl\/liceum\/wp-content\/uploads\/2024\/03\/433508656_3026836180782346_2643045447862720560_n-768x1024.jpg 768w, https:\/\/mieszko.edu.pl\/liceum\/wp-content\/uploads\/2024\/03\/433508656_3026836180782346_2643045447862720560_n-300x400.jpg 300w, https:\/\/mieszko.edu.pl\/liceum\/wp-content\/uploads\/2024\/03\/433508656_3026836180782346_2643045447862720560_n-1152x1536.jpg 1152w, https:\/\/mieszko.edu.pl\/liceum\/wp-content\/uploads\/2024\/03\/433508656_3026836180782346_2643045447862720560_n.jpg 1536w\" sizes=\"auto, (max-width: 225px) 100vw, 225px\" \/><\/p>\n","protected":false},"excerpt":{"rendered":"<p>W marcu odby\u0142a si\u0119 kolejna wycieczka w ramach k\u00f3\u0142ka geograficzno-krajoznawczego. Tym razem odwiedzili\u015bmy najwi\u0119ksz\u0105 i najstarsz\u0105 palmiarni\u0119 w Polsce i jedn\u0105 z najstarszych w Europie. Dla uczni\u00f3w by\u0142a to \u017cywa lekcja stref klimatycznych i ich flory.<\/p>\n","protected":false},"author":7,"featured_media":0,"comment_status":"closed","ping_status":"closed","sticky":false,"template":"","format":"standard","meta":{"footnotes":""},"categories":[1],"tags":[],"class_list":["post-3161","post","type-post","status-publish","format-standard","hentry","category-bez-kategorii"],"_links":{"self":[{"href":"https:\/\/mieszko.edu.pl\/liceum\/wp-json\/wp\/v2\/posts\/3161","targetHints":{"allow":["GET"]}}],"collection":[{"href":"https:\/\/mieszko.edu.pl\/liceum\/wp-json\/wp\/v2\/posts"}],"about":[{"href":"https:\/\/mieszko.edu.pl\/liceum\/wp-json\/wp\/v2\/types\/post"}],"author":[{"embeddable":true,"href":"https:\/\/mieszko.edu.pl\/liceum\/wp-json\/wp\/v2\/users\/7"}],"replies":[{"embeddable":true,"href":"https:\/\/mieszko.edu.pl\/liceum\/wp-json\/wp\/v2\/comments?post=3161"}],"version-history":[{"count":3,"href":"https:\/\/mieszko.edu.pl\/liceum\/wp-json\/wp\/v2\/posts\/3161\/revisions"}],"predecessor-version":[{"id":3168,"href":"https:\/\/mieszko.edu.pl\/liceum\/wp-json\/wp\/v2\/posts\/3161\/revisions\/3168"}],"wp:attachment":[{"href":"https:\/\/mieszko.edu.pl\/liceum\/wp-json\/wp\/v2\/media?parent=3161"}],"wp:term":[{"taxonomy":"category","embeddable":true,"href":"https:\/\/mieszko.edu.pl\/liceum\/wp-json\/wp\/v2\/categories?post=3161"},{"taxonomy":"post_tag","embeddable":true,"href":"https:\/\/mieszko.edu.pl\/liceum\/wp-json\/wp\/v2\/tags?post=3161"}],"curies":[{"name":"wp","href":"https:\/\/api.w.org\/{rel}","templated":true}]}}