{"id":3202,"date":"2024-04-26T15:11:16","date_gmt":"2024-04-26T13:11:16","guid":{"rendered":"https:\/\/mieszko.edu.pl\/liceum\/?p=3202"},"modified":"2024-04-26T15:13:03","modified_gmt":"2024-04-26T13:13:03","slug":"zakonczenie-roku-szkolnego-klasy-maturalnej","status":"publish","type":"post","link":"https:\/\/mieszko.edu.pl\/liceum\/aktualnosci\/zakonczenie-roku-szkolnego-klasy-maturalnej\/","title":{"rendered":"Zako\u0144czenie roku szkolnego klasy maturalnej"},"content":{"rendered":"<p>26 kwietnia 2024 roku odby\u0142a si\u0119 uroczysta akademia z okazji zako\u0144czenia roku szkolnego klasy maturalnej. Uroczysto\u015b\u0107 zaszczycili swoj\u0105 obecno\u015bci\u0105: pan Kanclerz Janusz Musia\u0142, rektor PAM- prof. W\u0142odzimierz Usarek, Prorektorzy PAM: pani Justyna Wolniewicz, pan Andrzej Bolewski oraz pan Wicekanclerz Maksymilian Musia\u0142.<br \/>\nPrzed rozdaniem \u015bwiadectw uczni\u00f3w po\u017cegnali i \u017cyczyli powodzenia na maturze dyrektor Edyta \u0141uszczewska i rektor PAM im. Ksi\u0119cia Mieszka I w Poznaniu- W\u0142odzimierz Usarek.<br \/>\nPo\u017cegnanie maturzyst\u00f3w to wa\u017cne wydarzenie, kt\u00f3re sk\u0142ania do wspomnie\u0144 i podsumowa\u0144. W imieniu wszystkich absolwent\u00f3w g\u0142os zabra\u0142 Miko\u0142aj Pastuszak- ucze\u0144, kt\u00f3ry uzyska\u0142 tytu\u0142 najlepszego absolwenta rocznika 2020-2024.<br \/>\nNie zabrak\u0142o r\u00f3wnie\u017c po\u017cegnania ze strony m\u0142odszych uczni\u00f3w reprezentowanych przez Antoniego Literskiego i Ann\u0119 Adamczak, kt\u00f3rzy wr\u0119czyli maturzystom symboliczn\u0105 koniczynk\u0119 na szcz\u0119\u015bcie.<br \/>\nPo oficjalnej cz\u0119\u015bci uroczysto\u015bci zebrani mogli zobaczy\u0107 paradokumentalny film z \u017cycia szko\u0142y przygotowany przez uczni\u00f3w klasy 3A i 3B pod kierunkiem pani Pauliny Kor\u017cenko.<\/p>\n<p>Drodzy Maturzy\u015bci, \u017cyczymy Wam po\u0142amania pi\u00f3r na egzaminie dojrza\u0142o\u015bci, dostania si\u0119 na wymarzone studia oraz wielu sukces\u00f3w w \u017cyciu osobistym.  <\/p>\n<p><img loading=\"lazy\" decoding=\"async\" src=\"https:\/\/mieszko.edu.pl\/liceum\/wp-content\/uploads\/2024\/04\/DSC_0084-300x200.jpg\" alt=\"\" width=\"300\" height=\"200\" class=\"alignnone size-medium wp-image-3206\" srcset=\"https:\/\/mieszko.edu.pl\/liceum\/wp-content\/uploads\/2024\/04\/DSC_0084-300x200.jpg 300w, https:\/\/mieszko.edu.pl\/liceum\/wp-content\/uploads\/2024\/04\/DSC_0084-1024x683.jpg 1024w, https:\/\/mieszko.edu.pl\/liceum\/wp-content\/uploads\/2024\/04\/DSC_0084-768x512.jpg 768w, https:\/\/mieszko.edu.pl\/liceum\/wp-content\/uploads\/2024\/04\/DSC_0084-391x260.jpg 391w, https:\/\/mieszko.edu.pl\/liceum\/wp-content\/uploads\/2024\/04\/DSC_0084-1536x1025.jpg 1536w, https:\/\/mieszko.edu.pl\/liceum\/wp-content\/uploads\/2024\/04\/DSC_0084-2048x1367.jpg 2048w\" sizes=\"auto, (max-width: 300px) 100vw, 300px\" \/><\/p>\n<p><img loading=\"lazy\" decoding=\"async\" src=\"https:\/\/mieszko.edu.pl\/liceum\/wp-content\/uploads\/2024\/04\/DSC_0015-1-300x200.jpg\" alt=\"\" width=\"300\" height=\"200\" class=\"alignnone size-medium wp-image-3209\" srcset=\"https:\/\/mieszko.edu.pl\/liceum\/wp-content\/uploads\/2024\/04\/DSC_0015-1-300x200.jpg 300w, https:\/\/mieszko.edu.pl\/liceum\/wp-content\/uploads\/2024\/04\/DSC_0015-1-1024x683.jpg 1024w, https:\/\/mieszko.edu.pl\/liceum\/wp-content\/uploads\/2024\/04\/DSC_0015-1-768x512.jpg 768w, https:\/\/mieszko.edu.pl\/liceum\/wp-content\/uploads\/2024\/04\/DSC_0015-1-391x260.jpg 391w, https:\/\/mieszko.edu.pl\/liceum\/wp-content\/uploads\/2024\/04\/DSC_0015-1-1536x1025.jpg 1536w, https:\/\/mieszko.edu.pl\/liceum\/wp-content\/uploads\/2024\/04\/DSC_0015-1-2048x1367.jpg 2048w\" sizes=\"auto, (max-width: 300px) 100vw, 300px\" \/><\/p>\n<p><img loading=\"lazy\" decoding=\"async\" src=\"https:\/\/mieszko.edu.pl\/liceum\/wp-content\/uploads\/2024\/04\/DSC_0060-1-300x200.jpg\" alt=\"\" width=\"300\" height=\"200\" class=\"alignnone size-medium wp-image-3210\" srcset=\"https:\/\/mieszko.edu.pl\/liceum\/wp-content\/uploads\/2024\/04\/DSC_0060-1-300x200.jpg 300w, https:\/\/mieszko.edu.pl\/liceum\/wp-content\/uploads\/2024\/04\/DSC_0060-1-1024x683.jpg 1024w, https:\/\/mieszko.edu.pl\/liceum\/wp-content\/uploads\/2024\/04\/DSC_0060-1-768x512.jpg 768w, https:\/\/mieszko.edu.pl\/liceum\/wp-content\/uploads\/2024\/04\/DSC_0060-1-391x260.jpg 391w, https:\/\/mieszko.edu.pl\/liceum\/wp-content\/uploads\/2024\/04\/DSC_0060-1-1536x1025.jpg 1536w, https:\/\/mieszko.edu.pl\/liceum\/wp-content\/uploads\/2024\/04\/DSC_0060-1-2048x1367.jpg 2048w\" sizes=\"auto, (max-width: 300px) 100vw, 300px\" \/><\/p>\n<p><img loading=\"lazy\" decoding=\"async\" src=\"https:\/\/mieszko.edu.pl\/liceum\/wp-content\/uploads\/2024\/04\/DSC_0081-1-300x200.jpg\" alt=\"\" width=\"300\" height=\"200\" class=\"alignnone size-medium wp-image-3211\" srcset=\"https:\/\/mieszko.edu.pl\/liceum\/wp-content\/uploads\/2024\/04\/DSC_0081-1-300x200.jpg 300w, https:\/\/mieszko.edu.pl\/liceum\/wp-content\/uploads\/2024\/04\/DSC_0081-1-1024x683.jpg 1024w, https:\/\/mieszko.edu.pl\/liceum\/wp-content\/uploads\/2024\/04\/DSC_0081-1-768x512.jpg 768w, https:\/\/mieszko.edu.pl\/liceum\/wp-content\/uploads\/2024\/04\/DSC_0081-1-391x260.jpg 391w, https:\/\/mieszko.edu.pl\/liceum\/wp-content\/uploads\/2024\/04\/DSC_0081-1-1536x1025.jpg 1536w, https:\/\/mieszko.edu.pl\/liceum\/wp-content\/uploads\/2024\/04\/DSC_0081-1-2048x1367.jpg 2048w\" sizes=\"auto, (max-width: 300px) 100vw, 300px\" \/><\/p>\n<p><img loading=\"lazy\" decoding=\"async\" src=\"https:\/\/mieszko.edu.pl\/liceum\/wp-content\/uploads\/2024\/04\/DSC_0084-1-300x200.jpg\" alt=\"\" width=\"300\" height=\"200\" class=\"alignnone size-medium wp-image-3212\" srcset=\"https:\/\/mieszko.edu.pl\/liceum\/wp-content\/uploads\/2024\/04\/DSC_0084-1-300x200.jpg 300w, https:\/\/mieszko.edu.pl\/liceum\/wp-content\/uploads\/2024\/04\/DSC_0084-1-1024x683.jpg 1024w, https:\/\/mieszko.edu.pl\/liceum\/wp-content\/uploads\/2024\/04\/DSC_0084-1-768x512.jpg 768w, https:\/\/mieszko.edu.pl\/liceum\/wp-content\/uploads\/2024\/04\/DSC_0084-1-391x260.jpg 391w, https:\/\/mieszko.edu.pl\/liceum\/wp-content\/uploads\/2024\/04\/DSC_0084-1-1536x1025.jpg 1536w, https:\/\/mieszko.edu.pl\/liceum\/wp-content\/uploads\/2024\/04\/DSC_0084-1-2048x1367.jpg 2048w\" sizes=\"auto, (max-width: 300px) 100vw, 300px\" \/><\/p>\n<p><img loading=\"lazy\" decoding=\"async\" src=\"https:\/\/mieszko.edu.pl\/liceum\/wp-content\/uploads\/2024\/04\/DSC_0081-300x200.jpg\" alt=\"\" width=\"300\" height=\"200\" class=\"alignnone size-medium wp-image-3205\" srcset=\"https:\/\/mieszko.edu.pl\/liceum\/wp-content\/uploads\/2024\/04\/DSC_0081-300x200.jpg 300w, https:\/\/mieszko.edu.pl\/liceum\/wp-content\/uploads\/2024\/04\/DSC_0081-1024x683.jpg 1024w, https:\/\/mieszko.edu.pl\/liceum\/wp-content\/uploads\/2024\/04\/DSC_0081-768x512.jpg 768w, https:\/\/mieszko.edu.pl\/liceum\/wp-content\/uploads\/2024\/04\/DSC_0081-391x260.jpg 391w, https:\/\/mieszko.edu.pl\/liceum\/wp-content\/uploads\/2024\/04\/DSC_0081-1536x1025.jpg 1536w, https:\/\/mieszko.edu.pl\/liceum\/wp-content\/uploads\/2024\/04\/DSC_0081-2048x1367.jpg 2048w\" sizes=\"auto, (max-width: 300px) 100vw, 300px\" \/><\/p>\n<p><img loading=\"lazy\" decoding=\"async\" src=\"https:\/\/mieszko.edu.pl\/liceum\/wp-content\/uploads\/2024\/04\/DSC_0060-300x200.jpg\" alt=\"\" width=\"300\" height=\"200\" class=\"alignnone size-medium wp-image-3204\" srcset=\"https:\/\/mieszko.edu.pl\/liceum\/wp-content\/uploads\/2024\/04\/DSC_0060-300x200.jpg 300w, https:\/\/mieszko.edu.pl\/liceum\/wp-content\/uploads\/2024\/04\/DSC_0060-1024x683.jpg 1024w, https:\/\/mieszko.edu.pl\/liceum\/wp-content\/uploads\/2024\/04\/DSC_0060-768x512.jpg 768w, https:\/\/mieszko.edu.pl\/liceum\/wp-content\/uploads\/2024\/04\/DSC_0060-391x260.jpg 391w, https:\/\/mieszko.edu.pl\/liceum\/wp-content\/uploads\/2024\/04\/DSC_0060-1536x1025.jpg 1536w, https:\/\/mieszko.edu.pl\/liceum\/wp-content\/uploads\/2024\/04\/DSC_0060-2048x1367.jpg 2048w\" sizes=\"auto, (max-width: 300px) 100vw, 300px\" \/><\/p>\n<p><img loading=\"lazy\" decoding=\"async\" src=\"https:\/\/mieszko.edu.pl\/liceum\/wp-content\/uploads\/2024\/04\/DSC_0015-300x200.jpg\" alt=\"\" width=\"300\" height=\"200\" class=\"alignnone size-medium wp-image-3203\" srcset=\"https:\/\/mieszko.edu.pl\/liceum\/wp-content\/uploads\/2024\/04\/DSC_0015-300x200.jpg 300w, https:\/\/mieszko.edu.pl\/liceum\/wp-content\/uploads\/2024\/04\/DSC_0015-1024x683.jpg 1024w, https:\/\/mieszko.edu.pl\/liceum\/wp-content\/uploads\/2024\/04\/DSC_0015-768x512.jpg 768w, https:\/\/mieszko.edu.pl\/liceum\/wp-content\/uploads\/2024\/04\/DSC_0015-391x260.jpg 391w, https:\/\/mieszko.edu.pl\/liceum\/wp-content\/uploads\/2024\/04\/DSC_0015-1536x1025.jpg 1536w, https:\/\/mieszko.edu.pl\/liceum\/wp-content\/uploads\/2024\/04\/DSC_0015-2048x1367.jpg 2048w\" sizes=\"auto, (max-width: 300px) 100vw, 300px\" \/><\/p>\n","protected":false},"excerpt":{"rendered":"<p>26 kwietnia 2024 roku odby\u0142a si\u0119 uroczysta akademia z okazji zako\u0144czenia roku szkolnego klasy maturalnej. Uroczysto\u015b\u0107 zaszczycili swoj\u0105 obecno\u015bci\u0105: pan Kanclerz Janusz Musia\u0142, rektor PAM- prof. W\u0142odzimierz Usarek, Prorektorzy PAM: pani Justyna Wolniewicz, pan Andrzej Bolewski oraz pan Wicekanclerz Maksymilian Musia\u0142. Przed rozdaniem \u015bwiadectw uczni\u00f3w po\u017cegnali i \u017cyczyli powodzenia na maturze dyrektor Edyta \u0141uszczewska i&#8230;<\/p>\n","protected":false},"author":7,"featured_media":0,"comment_status":"closed","ping_status":"closed","sticky":false,"template":"","format":"standard","meta":{"footnotes":""},"categories":[1],"tags":[],"class_list":["post-3202","post","type-post","status-publish","format-standard","hentry","category-bez-kategorii"],"_links":{"self":[{"href":"https:\/\/mieszko.edu.pl\/liceum\/wp-json\/wp\/v2\/posts\/3202","targetHints":{"allow":["GET"]}}],"collection":[{"href":"https:\/\/mieszko.edu.pl\/liceum\/wp-json\/wp\/v2\/posts"}],"about":[{"href":"https:\/\/mieszko.edu.pl\/liceum\/wp-json\/wp\/v2\/types\/post"}],"author":[{"embeddable":true,"href":"https:\/\/mieszko.edu.pl\/liceum\/wp-json\/wp\/v2\/users\/7"}],"replies":[{"embeddable":true,"href":"https:\/\/mieszko.edu.pl\/liceum\/wp-json\/wp\/v2\/comments?post=3202"}],"version-history":[{"count":3,"href":"https:\/\/mieszko.edu.pl\/liceum\/wp-json\/wp\/v2\/posts\/3202\/revisions"}],"predecessor-version":[{"id":3213,"href":"https:\/\/mieszko.edu.pl\/liceum\/wp-json\/wp\/v2\/posts\/3202\/revisions\/3213"}],"wp:attachment":[{"href":"https:\/\/mieszko.edu.pl\/liceum\/wp-json\/wp\/v2\/media?parent=3202"}],"wp:term":[{"taxonomy":"category","embeddable":true,"href":"https:\/\/mieszko.edu.pl\/liceum\/wp-json\/wp\/v2\/categories?post=3202"},{"taxonomy":"post_tag","embeddable":true,"href":"https:\/\/mieszko.edu.pl\/liceum\/wp-json\/wp\/v2\/tags?post=3202"}],"curies":[{"name":"wp","href":"https:\/\/api.w.org\/{rel}","templated":true}]}}