{"id":3258,"date":"2024-06-21T14:23:09","date_gmt":"2024-06-21T12:23:09","guid":{"rendered":"https:\/\/mieszko.edu.pl\/liceum\/?p=3258"},"modified":"2024-06-21T14:42:38","modified_gmt":"2024-06-21T12:42:38","slug":"zakonczenie-roku-szkolnego-2023-2024","status":"publish","type":"post","link":"https:\/\/mieszko.edu.pl\/liceum\/aktualnosci\/zakonczenie-roku-szkolnego-2023-2024\/","title":{"rendered":"Zako\u0144czenie roku szkolnego 2023-2024"},"content":{"rendered":"<p>21 czerwca 2024 roku odby\u0142o si\u0119 uroczyste zako\u0144czenie roku szkolnego 2023\/2024. W uroczysto\u015bci uczestniczyli: rektor Pozna\u0144skiej Akademii Medycznej im. Mieszka I- pan W\u0142odzimierz Usarek, dyrektor Zespo\u0142u Prywatnych Szk\u00f3\u0142 Akademickich Mieszko- pani Maria Zaremba, dyrektor liceum-pani Edyta \u0141uszczewska, grono pedagogiczne, uczniowie oraz rodzice. W cz\u0119\u015bci oficjalnej pani dyrektor Edyta \u0141uszczewska wr\u0119czy\u0142a nagrody uczniom, kt\u00f3rzy uzyskali najwy\u017csze wyniki w nauce i \u015bwiadectwa z wyr\u00f3\u017cnieniem. W gronie trzech najlepszych uczni\u00f3w liceum znale\u017ali si\u0119: Mykhail Fesenko z klasy IID, Szymon Dopiera\u0142a z klasy IIB oraz Stanis\u0142aw Mitrus z klasy IIIA. Wyr\u00f3\u017cniony zosta\u0142 r\u00f3wnie\u017c Julian Perz z klasy IC, kt\u00f3ry w minionym roku szkolnym uzyska\u0142 100% frekwencj\u0119.<\/p>\n<p>W cz\u0119\u015bci artystycznej wyst\u0105pi\u0142y: Julia Bartczyszyn i Antonina Szymoszyn, kt\u00f3re wsp\u00f3lnie z nauczycielem j\u0119zyka angielskiego- panem Michaelem Wilanowskim, za\u015bpiewa\u0142y piosenk\u0119. Na zako\u0144czenie uroczysto\u015bci swoje umiej\u0119tno\u015bci taneczne zaprezentowa\u0142 Olaf Czeladzi\u0144ski<\/p>\n<p>Wszystkim \u017cyczymy wspania\u0142ych i bezpiecznych wakacji! Do zobaczenia we wrze\u015bniu.<\/p>\n<p>&nbsp;<\/p>\n<div id='gallery-1' class='gallery galleryid-3258 gallery-columns-4 gallery-size-thumbnail'><figure class='gallery-item'>\n\t\t\t<div class='gallery-icon landscape'>\n\t\t\t\t<a href='https:\/\/mieszko.edu.pl\/liceum\/wp-content\/uploads\/2024\/06\/zakonczenie-roku_LO_2023-2024-1.jpeg'><img loading=\"lazy\" decoding=\"async\" width=\"150\" height=\"150\" src=\"https:\/\/mieszko.edu.pl\/liceum\/wp-content\/uploads\/2024\/06\/zakonczenie-roku_LO_2023-2024-1-150x150.jpeg\" class=\"attachment-thumbnail size-thumbnail\" alt=\"\" srcset=\"https:\/\/mieszko.edu.pl\/liceum\/wp-content\/uploads\/2024\/06\/zakonczenie-roku_LO_2023-2024-1-150x150.jpeg 150w, https:\/\/mieszko.edu.pl\/liceum\/wp-content\/uploads\/2024\/06\/zakonczenie-roku_LO_2023-2024-1-300x300.jpeg 300w\" sizes=\"auto, (max-width: 150px) 100vw, 150px\" \/><\/a>\n\t\t\t<\/div><\/figure><figure class='gallery-item'>\n\t\t\t<div class='gallery-icon landscape'>\n\t\t\t\t<a href='https:\/\/mieszko.edu.pl\/liceum\/wp-content\/uploads\/2024\/06\/zakonczenie-roku_LO_2023-2024-16.jpeg'><img loading=\"lazy\" decoding=\"async\" width=\"150\" height=\"150\" src=\"https:\/\/mieszko.edu.pl\/liceum\/wp-content\/uploads\/2024\/06\/zakonczenie-roku_LO_2023-2024-16-150x150.jpeg\" class=\"attachment-thumbnail size-thumbnail\" alt=\"\" srcset=\"https:\/\/mieszko.edu.pl\/liceum\/wp-content\/uploads\/2024\/06\/zakonczenie-roku_LO_2023-2024-16-150x150.jpeg 150w, https:\/\/mieszko.edu.pl\/liceum\/wp-content\/uploads\/2024\/06\/zakonczenie-roku_LO_2023-2024-16-300x300.jpeg 300w\" sizes=\"auto, (max-width: 150px) 100vw, 150px\" \/><\/a>\n\t\t\t<\/div><\/figure><figure class='gallery-item'>\n\t\t\t<div class='gallery-icon landscape'>\n\t\t\t\t<a href='https:\/\/mieszko.edu.pl\/liceum\/wp-content\/uploads\/2024\/06\/zakonczenie-roku_LO_2023-2024-15.jpeg'><img loading=\"lazy\" decoding=\"async\" width=\"150\" height=\"150\" src=\"https:\/\/mieszko.edu.pl\/liceum\/wp-content\/uploads\/2024\/06\/zakonczenie-roku_LO_2023-2024-15-150x150.jpeg\" class=\"attachment-thumbnail size-thumbnail\" alt=\"\" srcset=\"https:\/\/mieszko.edu.pl\/liceum\/wp-content\/uploads\/2024\/06\/zakonczenie-roku_LO_2023-2024-15-150x150.jpeg 150w, https:\/\/mieszko.edu.pl\/liceum\/wp-content\/uploads\/2024\/06\/zakonczenie-roku_LO_2023-2024-15-300x300.jpeg 300w\" sizes=\"auto, (max-width: 150px) 100vw, 150px\" \/><\/a>\n\t\t\t<\/div><\/figure><figure class='gallery-item'>\n\t\t\t<div class='gallery-icon landscape'>\n\t\t\t\t<a href='https:\/\/mieszko.edu.pl\/liceum\/wp-content\/uploads\/2024\/06\/zakonczenie-roku_LO_2023-2024-14.jpeg'><img loading=\"lazy\" decoding=\"async\" width=\"150\" height=\"150\" src=\"https:\/\/mieszko.edu.pl\/liceum\/wp-content\/uploads\/2024\/06\/zakonczenie-roku_LO_2023-2024-14-150x150.jpeg\" class=\"attachment-thumbnail size-thumbnail\" alt=\"\" srcset=\"https:\/\/mieszko.edu.pl\/liceum\/wp-content\/uploads\/2024\/06\/zakonczenie-roku_LO_2023-2024-14-150x150.jpeg 150w, https:\/\/mieszko.edu.pl\/liceum\/wp-content\/uploads\/2024\/06\/zakonczenie-roku_LO_2023-2024-14-300x300.jpeg 300w\" sizes=\"auto, (max-width: 150px) 100vw, 150px\" \/><\/a>\n\t\t\t<\/div><\/figure><figure class='gallery-item'>\n\t\t\t<div class='gallery-icon landscape'>\n\t\t\t\t<a href='https:\/\/mieszko.edu.pl\/liceum\/wp-content\/uploads\/2024\/06\/zakonczenie-roku_LO_2023-2024-13.jpeg'><img loading=\"lazy\" decoding=\"async\" width=\"150\" height=\"150\" src=\"https:\/\/mieszko.edu.pl\/liceum\/wp-content\/uploads\/2024\/06\/zakonczenie-roku_LO_2023-2024-13-150x150.jpeg\" class=\"attachment-thumbnail size-thumbnail\" alt=\"\" srcset=\"https:\/\/mieszko.edu.pl\/liceum\/wp-content\/uploads\/2024\/06\/zakonczenie-roku_LO_2023-2024-13-150x150.jpeg 150w, https:\/\/mieszko.edu.pl\/liceum\/wp-content\/uploads\/2024\/06\/zakonczenie-roku_LO_2023-2024-13-300x300.jpeg 300w\" sizes=\"auto, (max-width: 150px) 100vw, 150px\" \/><\/a>\n\t\t\t<\/div><\/figure><figure class='gallery-item'>\n\t\t\t<div class='gallery-icon landscape'>\n\t\t\t\t<a href='https:\/\/mieszko.edu.pl\/liceum\/wp-content\/uploads\/2024\/06\/zakonczenie-roku_LO_2023-2024-12.jpeg'><img loading=\"lazy\" decoding=\"async\" width=\"150\" height=\"150\" src=\"https:\/\/mieszko.edu.pl\/liceum\/wp-content\/uploads\/2024\/06\/zakonczenie-roku_LO_2023-2024-12-150x150.jpeg\" class=\"attachment-thumbnail size-thumbnail\" alt=\"\" srcset=\"https:\/\/mieszko.edu.pl\/liceum\/wp-content\/uploads\/2024\/06\/zakonczenie-roku_LO_2023-2024-12-150x150.jpeg 150w, https:\/\/mieszko.edu.pl\/liceum\/wp-content\/uploads\/2024\/06\/zakonczenie-roku_LO_2023-2024-12-300x300.jpeg 300w\" sizes=\"auto, (max-width: 150px) 100vw, 150px\" \/><\/a>\n\t\t\t<\/div><\/figure><figure class='gallery-item'>\n\t\t\t<div class='gallery-icon landscape'>\n\t\t\t\t<a href='https:\/\/mieszko.edu.pl\/liceum\/wp-content\/uploads\/2024\/06\/zakonczenie-roku_LO_2023-2024-11.jpeg'><img loading=\"lazy\" decoding=\"async\" width=\"150\" height=\"150\" src=\"https:\/\/mieszko.edu.pl\/liceum\/wp-content\/uploads\/2024\/06\/zakonczenie-roku_LO_2023-2024-11-150x150.jpeg\" class=\"attachment-thumbnail size-thumbnail\" alt=\"\" srcset=\"https:\/\/mieszko.edu.pl\/liceum\/wp-content\/uploads\/2024\/06\/zakonczenie-roku_LO_2023-2024-11-150x150.jpeg 150w, https:\/\/mieszko.edu.pl\/liceum\/wp-content\/uploads\/2024\/06\/zakonczenie-roku_LO_2023-2024-11-300x300.jpeg 300w\" sizes=\"auto, (max-width: 150px) 100vw, 150px\" \/><\/a>\n\t\t\t<\/div><\/figure><figure class='gallery-item'>\n\t\t\t<div class='gallery-icon landscape'>\n\t\t\t\t<a href='https:\/\/mieszko.edu.pl\/liceum\/wp-content\/uploads\/2024\/06\/zakonczenie-roku_LO_2023-2024-10.jpeg'><img loading=\"lazy\" decoding=\"async\" width=\"150\" height=\"150\" src=\"https:\/\/mieszko.edu.pl\/liceum\/wp-content\/uploads\/2024\/06\/zakonczenie-roku_LO_2023-2024-10-150x150.jpeg\" class=\"attachment-thumbnail size-thumbnail\" alt=\"\" srcset=\"https:\/\/mieszko.edu.pl\/liceum\/wp-content\/uploads\/2024\/06\/zakonczenie-roku_LO_2023-2024-10-150x150.jpeg 150w, https:\/\/mieszko.edu.pl\/liceum\/wp-content\/uploads\/2024\/06\/zakonczenie-roku_LO_2023-2024-10-300x300.jpeg 300w\" sizes=\"auto, (max-width: 150px) 100vw, 150px\" \/><\/a>\n\t\t\t<\/div><\/figure><figure class='gallery-item'>\n\t\t\t<div class='gallery-icon landscape'>\n\t\t\t\t<a href='https:\/\/mieszko.edu.pl\/liceum\/wp-content\/uploads\/2024\/06\/zakonczenie-roku_LO_2023-2024-9.jpeg'><img loading=\"lazy\" decoding=\"async\" width=\"150\" height=\"150\" src=\"https:\/\/mieszko.edu.pl\/liceum\/wp-content\/uploads\/2024\/06\/zakonczenie-roku_LO_2023-2024-9-150x150.jpeg\" class=\"attachment-thumbnail size-thumbnail\" alt=\"\" srcset=\"https:\/\/mieszko.edu.pl\/liceum\/wp-content\/uploads\/2024\/06\/zakonczenie-roku_LO_2023-2024-9-150x150.jpeg 150w, https:\/\/mieszko.edu.pl\/liceum\/wp-content\/uploads\/2024\/06\/zakonczenie-roku_LO_2023-2024-9-300x300.jpeg 300w\" sizes=\"auto, (max-width: 150px) 100vw, 150px\" \/><\/a>\n\t\t\t<\/div><\/figure><figure class='gallery-item'>\n\t\t\t<div class='gallery-icon landscape'>\n\t\t\t\t<a href='https:\/\/mieszko.edu.pl\/liceum\/wp-content\/uploads\/2024\/06\/zakonczenie-roku_LO_2023-2024-8.jpeg'><img loading=\"lazy\" decoding=\"async\" width=\"150\" height=\"150\" src=\"https:\/\/mieszko.edu.pl\/liceum\/wp-content\/uploads\/2024\/06\/zakonczenie-roku_LO_2023-2024-8-150x150.jpeg\" class=\"attachment-thumbnail size-thumbnail\" alt=\"\" srcset=\"https:\/\/mieszko.edu.pl\/liceum\/wp-content\/uploads\/2024\/06\/zakonczenie-roku_LO_2023-2024-8-150x150.jpeg 150w, https:\/\/mieszko.edu.pl\/liceum\/wp-content\/uploads\/2024\/06\/zakonczenie-roku_LO_2023-2024-8-300x300.jpeg 300w\" sizes=\"auto, (max-width: 150px) 100vw, 150px\" \/><\/a>\n\t\t\t<\/div><\/figure><figure class='gallery-item'>\n\t\t\t<div class='gallery-icon landscape'>\n\t\t\t\t<a href='https:\/\/mieszko.edu.pl\/liceum\/wp-content\/uploads\/2024\/06\/zakonczenie-roku_LO_2023-2024-7.jpeg'><img loading=\"lazy\" decoding=\"async\" width=\"150\" height=\"150\" src=\"https:\/\/mieszko.edu.pl\/liceum\/wp-content\/uploads\/2024\/06\/zakonczenie-roku_LO_2023-2024-7-150x150.jpeg\" class=\"attachment-thumbnail size-thumbnail\" alt=\"\" srcset=\"https:\/\/mieszko.edu.pl\/liceum\/wp-content\/uploads\/2024\/06\/zakonczenie-roku_LO_2023-2024-7-150x150.jpeg 150w, https:\/\/mieszko.edu.pl\/liceum\/wp-content\/uploads\/2024\/06\/zakonczenie-roku_LO_2023-2024-7-300x300.jpeg 300w\" sizes=\"auto, (max-width: 150px) 100vw, 150px\" \/><\/a>\n\t\t\t<\/div><\/figure><figure class='gallery-item'>\n\t\t\t<div class='gallery-icon landscape'>\n\t\t\t\t<a href='https:\/\/mieszko.edu.pl\/liceum\/wp-content\/uploads\/2024\/06\/zakonczenie-roku_LO_2023-2024-6.jpeg'><img loading=\"lazy\" decoding=\"async\" width=\"150\" height=\"150\" src=\"https:\/\/mieszko.edu.pl\/liceum\/wp-content\/uploads\/2024\/06\/zakonczenie-roku_LO_2023-2024-6-150x150.jpeg\" class=\"attachment-thumbnail size-thumbnail\" alt=\"\" srcset=\"https:\/\/mieszko.edu.pl\/liceum\/wp-content\/uploads\/2024\/06\/zakonczenie-roku_LO_2023-2024-6-150x150.jpeg 150w, https:\/\/mieszko.edu.pl\/liceum\/wp-content\/uploads\/2024\/06\/zakonczenie-roku_LO_2023-2024-6-300x300.jpeg 300w\" sizes=\"auto, (max-width: 150px) 100vw, 150px\" \/><\/a>\n\t\t\t<\/div><\/figure><figure class='gallery-item'>\n\t\t\t<div class='gallery-icon landscape'>\n\t\t\t\t<a href='https:\/\/mieszko.edu.pl\/liceum\/wp-content\/uploads\/2024\/06\/zakonczenie-roku_LO_2023-2024-5.jpeg'><img loading=\"lazy\" decoding=\"async\" width=\"150\" height=\"150\" src=\"https:\/\/mieszko.edu.pl\/liceum\/wp-content\/uploads\/2024\/06\/zakonczenie-roku_LO_2023-2024-5-150x150.jpeg\" class=\"attachment-thumbnail size-thumbnail\" alt=\"\" srcset=\"https:\/\/mieszko.edu.pl\/liceum\/wp-content\/uploads\/2024\/06\/zakonczenie-roku_LO_2023-2024-5-150x150.jpeg 150w, https:\/\/mieszko.edu.pl\/liceum\/wp-content\/uploads\/2024\/06\/zakonczenie-roku_LO_2023-2024-5-300x300.jpeg 300w\" sizes=\"auto, (max-width: 150px) 100vw, 150px\" \/><\/a>\n\t\t\t<\/div><\/figure><figure class='gallery-item'>\n\t\t\t<div class='gallery-icon landscape'>\n\t\t\t\t<a href='https:\/\/mieszko.edu.pl\/liceum\/wp-content\/uploads\/2024\/06\/zakonczenie-roku_LO_2023-2024-4.jpeg'><img loading=\"lazy\" decoding=\"async\" width=\"150\" height=\"150\" src=\"https:\/\/mieszko.edu.pl\/liceum\/wp-content\/uploads\/2024\/06\/zakonczenie-roku_LO_2023-2024-4-150x150.jpeg\" class=\"attachment-thumbnail size-thumbnail\" alt=\"\" srcset=\"https:\/\/mieszko.edu.pl\/liceum\/wp-content\/uploads\/2024\/06\/zakonczenie-roku_LO_2023-2024-4-150x150.jpeg 150w, https:\/\/mieszko.edu.pl\/liceum\/wp-content\/uploads\/2024\/06\/zakonczenie-roku_LO_2023-2024-4-300x300.jpeg 300w\" sizes=\"auto, (max-width: 150px) 100vw, 150px\" \/><\/a>\n\t\t\t<\/div><\/figure><figure class='gallery-item'>\n\t\t\t<div class='gallery-icon portrait'>\n\t\t\t\t<a href='https:\/\/mieszko.edu.pl\/liceum\/wp-content\/uploads\/2024\/06\/zakonczenie-roku_LO_2023-2024-3.jpeg'><img loading=\"lazy\" decoding=\"async\" width=\"150\" height=\"150\" src=\"https:\/\/mieszko.edu.pl\/liceum\/wp-content\/uploads\/2024\/06\/zakonczenie-roku_LO_2023-2024-3-150x150.jpeg\" class=\"attachment-thumbnail size-thumbnail\" alt=\"\" srcset=\"https:\/\/mieszko.edu.pl\/liceum\/wp-content\/uploads\/2024\/06\/zakonczenie-roku_LO_2023-2024-3-150x150.jpeg 150w, https:\/\/mieszko.edu.pl\/liceum\/wp-content\/uploads\/2024\/06\/zakonczenie-roku_LO_2023-2024-3-300x300.jpeg 300w\" sizes=\"auto, (max-width: 150px) 100vw, 150px\" \/><\/a>\n\t\t\t<\/div><\/figure><figure class='gallery-item'>\n\t\t\t<div class='gallery-icon landscape'>\n\t\t\t\t<a href='https:\/\/mieszko.edu.pl\/liceum\/wp-content\/uploads\/2024\/06\/zakonczenie-roku_LO_2023-2024-2.jpeg'><img loading=\"lazy\" decoding=\"async\" width=\"150\" height=\"150\" src=\"https:\/\/mieszko.edu.pl\/liceum\/wp-content\/uploads\/2024\/06\/zakonczenie-roku_LO_2023-2024-2-150x150.jpeg\" class=\"attachment-thumbnail size-thumbnail\" alt=\"\" srcset=\"https:\/\/mieszko.edu.pl\/liceum\/wp-content\/uploads\/2024\/06\/zakonczenie-roku_LO_2023-2024-2-150x150.jpeg 150w, https:\/\/mieszko.edu.pl\/liceum\/wp-content\/uploads\/2024\/06\/zakonczenie-roku_LO_2023-2024-2-300x300.jpeg 300w\" sizes=\"auto, (max-width: 150px) 100vw, 150px\" \/><\/a>\n\t\t\t<\/div><\/figure>\n\t\t<\/div>\n\n","protected":false},"excerpt":{"rendered":"<p>21 czerwca 2024 roku odby\u0142o si\u0119 uroczyste zako\u0144czenie roku szkolnego 2023\/2024. W uroczysto\u015bci uczestniczyli: rektor Pozna\u0144skiej Akademii Medycznej im. Mieszka I- pan W\u0142odzimierz Usarek, dyrektor Zespo\u0142u Prywatnych Szk\u00f3\u0142 Akademickich Mieszko- pani Maria Zaremba, dyrektor liceum-pani Edyta \u0141uszczewska, grono pedagogiczne, uczniowie oraz rodzice. W cz\u0119\u015bci oficjalnej pani dyrektor Edyta \u0141uszczewska wr\u0119czy\u0142a nagrody uczniom, kt\u00f3rzy uzyskali najwy\u017csze&#8230;<\/p>\n","protected":false},"author":20,"featured_media":3263,"comment_status":"closed","ping_status":"closed","sticky":false,"template":"","format":"standard","meta":{"footnotes":""},"categories":[1],"tags":[],"class_list":["post-3258","post","type-post","status-publish","format-standard","has-post-thumbnail","hentry","category-bez-kategorii"],"_links":{"self":[{"href":"https:\/\/mieszko.edu.pl\/liceum\/wp-json\/wp\/v2\/posts\/3258","targetHints":{"allow":["GET"]}}],"collection":[{"href":"https:\/\/mieszko.edu.pl\/liceum\/wp-json\/wp\/v2\/posts"}],"about":[{"href":"https:\/\/mieszko.edu.pl\/liceum\/wp-json\/wp\/v2\/types\/post"}],"author":[{"embeddable":true,"href":"https:\/\/mieszko.edu.pl\/liceum\/wp-json\/wp\/v2\/users\/20"}],"replies":[{"embeddable":true,"href":"https:\/\/mieszko.edu.pl\/liceum\/wp-json\/wp\/v2\/comments?post=3258"}],"version-history":[{"count":4,"href":"https:\/\/mieszko.edu.pl\/liceum\/wp-json\/wp\/v2\/posts\/3258\/revisions"}],"predecessor-version":[{"id":3277,"href":"https:\/\/mieszko.edu.pl\/liceum\/wp-json\/wp\/v2\/posts\/3258\/revisions\/3277"}],"wp:featuredmedia":[{"embeddable":true,"href":"https:\/\/mieszko.edu.pl\/liceum\/wp-json\/wp\/v2\/media\/3263"}],"wp:attachment":[{"href":"https:\/\/mieszko.edu.pl\/liceum\/wp-json\/wp\/v2\/media?parent=3258"}],"wp:term":[{"taxonomy":"category","embeddable":true,"href":"https:\/\/mieszko.edu.pl\/liceum\/wp-json\/wp\/v2\/categories?post=3258"},{"taxonomy":"post_tag","embeddable":true,"href":"https:\/\/mieszko.edu.pl\/liceum\/wp-json\/wp\/v2\/tags?post=3258"}],"curies":[{"name":"wp","href":"https:\/\/api.w.org\/{rel}","templated":true}]}}