{"id":3307,"date":"2024-08-23T08:45:54","date_gmt":"2024-08-23T06:45:54","guid":{"rendered":"https:\/\/mieszko.edu.pl\/liceum\/?p=3307"},"modified":"2024-08-23T08:45:54","modified_gmt":"2024-08-23T06:45:54","slug":"rozpoczecie-roku-szkolnego-2024-2025","status":"publish","type":"post","link":"https:\/\/mieszko.edu.pl\/liceum\/aktualnosci\/rozpoczecie-roku-szkolnego-2024-2025\/","title":{"rendered":"Rozpocz\u0119cie roku szkolnego 2024\/2025"},"content":{"rendered":"<div class=\"flex max-w-full flex-col flex-grow\">\n<div class=\"min-h-[20px] text-message flex w-full flex-col items-end gap-2 break-words [.text-message+&amp;]:mt-5 overflow-x-auto whitespace-pre-wrap\" dir=\"auto\" data-message-author-role=\"assistant\" data-message-id=\"1a56f863-7e6c-4813-83f4-a721b31e5a3b\">\n<div class=\"flex w-full flex-col gap-1 empty:hidden first:pt-[3px]\">\n<div class=\"markdown prose w-full break-words dark:prose-invert light\">\n<p>Serdecznie zapraszamy uczni\u00f3w Liceum na uroczyste rozpocz\u0119cie roku szkolnego, kt\u00f3re odb\u0119dzie si\u0119 <strong>2 wrze\u015bnia 2024 roku<\/strong> o godzinie <strong>11:00<\/strong> w <strong>sali 207a<\/strong>.<\/p>\n<p>Do zobaczenia!<\/p>\n<\/div>\n<\/div>\n<\/div>\n<\/div>\n<div class=\"mt-1 flex gap-3 empty:hidden -ml-2\">\n<div class=\"items-center justify-start rounded-xl p-1 flex\">\n<div class=\"flex items-center\"><\/div>\n<\/div>\n<\/div>\n","protected":false},"excerpt":{"rendered":"<p>Serdecznie zapraszamy uczni\u00f3w Liceum na uroczyste rozpocz\u0119cie roku szkolnego, kt\u00f3re odb\u0119dzie si\u0119 2 wrze\u015bnia 2024 roku o godzinie 11:00 w sali 207a. Do zobaczenia!<\/p>\n","protected":false},"author":19,"featured_media":0,"comment_status":"closed","ping_status":"closed","sticky":false,"template":"","format":"standard","meta":{"footnotes":""},"categories":[1],"tags":[],"class_list":["post-3307","post","type-post","status-publish","format-standard","hentry","category-bez-kategorii"],"_links":{"self":[{"href":"https:\/\/mieszko.edu.pl\/liceum\/wp-json\/wp\/v2\/posts\/3307","targetHints":{"allow":["GET"]}}],"collection":[{"href":"https:\/\/mieszko.edu.pl\/liceum\/wp-json\/wp\/v2\/posts"}],"about":[{"href":"https:\/\/mieszko.edu.pl\/liceum\/wp-json\/wp\/v2\/types\/post"}],"author":[{"embeddable":true,"href":"https:\/\/mieszko.edu.pl\/liceum\/wp-json\/wp\/v2\/users\/19"}],"replies":[{"embeddable":true,"href":"https:\/\/mieszko.edu.pl\/liceum\/wp-json\/wp\/v2\/comments?post=3307"}],"version-history":[{"count":1,"href":"https:\/\/mieszko.edu.pl\/liceum\/wp-json\/wp\/v2\/posts\/3307\/revisions"}],"predecessor-version":[{"id":3308,"href":"https:\/\/mieszko.edu.pl\/liceum\/wp-json\/wp\/v2\/posts\/3307\/revisions\/3308"}],"wp:attachment":[{"href":"https:\/\/mieszko.edu.pl\/liceum\/wp-json\/wp\/v2\/media?parent=3307"}],"wp:term":[{"taxonomy":"category","embeddable":true,"href":"https:\/\/mieszko.edu.pl\/liceum\/wp-json\/wp\/v2\/categories?post=3307"},{"taxonomy":"post_tag","embeddable":true,"href":"https:\/\/mieszko.edu.pl\/liceum\/wp-json\/wp\/v2\/tags?post=3307"}],"curies":[{"name":"wp","href":"https:\/\/api.w.org\/{rel}","templated":true}]}}