{"id":3322,"date":"2024-09-04T14:56:58","date_gmt":"2024-09-04T12:56:58","guid":{"rendered":"https:\/\/mieszko.edu.pl\/liceum\/?p=3322"},"modified":"2024-09-04T15:03:02","modified_gmt":"2024-09-04T13:03:02","slug":"zebrania","status":"publish","type":"post","link":"https:\/\/mieszko.edu.pl\/liceum\/aktualnosci\/zebrania\/","title":{"rendered":"Zebrania"},"content":{"rendered":"<p>Zapraszamy na zebrania inauguruj\u0105ce nowy rok szkolny, kt\u00f3re odb\u0119d\u0105 si\u0119 11 wrze\u015bnia zgodnie z podanym porz\u0105dkiem:<\/p>\n<p>kl. I A- godz. 17.00, aula s. 114- spotkanie z dyrekcj\u0105, psychologiem, pedagogiem i wychowawc\u0105;<\/p>\n<p>kl. II-III &#8211; godz. 17.00 spotkania z wychowawcami w salach podanych przez wychowawc\u00f3w;<\/p>\n<p>kl. IV A i B &#8211; godz. 18.00, aula s. 114 &#8211; spotkanie z dyrekcj\u0105, wychowawcami.<\/p>\n","protected":false},"excerpt":{"rendered":"<p>Zapraszamy na zebrania inauguruj\u0105ce nowy rok szkolny, kt\u00f3re odb\u0119d\u0105 si\u0119 11 wrze\u015bnia zgodnie z podanym porz\u0105dkiem: kl. I A- godz. 17.00, aula s. 114- spotkanie z dyrekcj\u0105, psychologiem, pedagogiem i wychowawc\u0105; kl. II-III &#8211; godz. 17.00 spotkania z wychowawcami w salach podanych przez wychowawc\u00f3w; kl. IV A i B &#8211; godz. 18.00, aula s. 114&#8230;<\/p>\n","protected":false},"author":19,"featured_media":0,"comment_status":"closed","ping_status":"closed","sticky":false,"template":"","format":"standard","meta":{"footnotes":""},"categories":[1],"tags":[],"class_list":["post-3322","post","type-post","status-publish","format-standard","hentry","category-bez-kategorii"],"_links":{"self":[{"href":"https:\/\/mieszko.edu.pl\/liceum\/wp-json\/wp\/v2\/posts\/3322","targetHints":{"allow":["GET"]}}],"collection":[{"href":"https:\/\/mieszko.edu.pl\/liceum\/wp-json\/wp\/v2\/posts"}],"about":[{"href":"https:\/\/mieszko.edu.pl\/liceum\/wp-json\/wp\/v2\/types\/post"}],"author":[{"embeddable":true,"href":"https:\/\/mieszko.edu.pl\/liceum\/wp-json\/wp\/v2\/users\/19"}],"replies":[{"embeddable":true,"href":"https:\/\/mieszko.edu.pl\/liceum\/wp-json\/wp\/v2\/comments?post=3322"}],"version-history":[{"count":3,"href":"https:\/\/mieszko.edu.pl\/liceum\/wp-json\/wp\/v2\/posts\/3322\/revisions"}],"predecessor-version":[{"id":3326,"href":"https:\/\/mieszko.edu.pl\/liceum\/wp-json\/wp\/v2\/posts\/3322\/revisions\/3326"}],"wp:attachment":[{"href":"https:\/\/mieszko.edu.pl\/liceum\/wp-json\/wp\/v2\/media?parent=3322"}],"wp:term":[{"taxonomy":"category","embeddable":true,"href":"https:\/\/mieszko.edu.pl\/liceum\/wp-json\/wp\/v2\/categories?post=3322"},{"taxonomy":"post_tag","embeddable":true,"href":"https:\/\/mieszko.edu.pl\/liceum\/wp-json\/wp\/v2\/tags?post=3322"}],"curies":[{"name":"wp","href":"https:\/\/api.w.org\/{rel}","templated":true}]}}