{"id":3358,"date":"2024-10-03T09:28:34","date_gmt":"2024-10-03T07:28:34","guid":{"rendered":"https:\/\/mieszko.edu.pl\/liceum\/?p=3358"},"modified":"2024-10-03T09:28:34","modified_gmt":"2024-10-03T07:28:34","slug":"narodowe-czytanie-w-naszej-szkole","status":"publish","type":"post","link":"https:\/\/mieszko.edu.pl\/liceum\/aktualnosci\/narodowe-czytanie-w-naszej-szkole\/","title":{"rendered":"Narodowe Czytanie w naszej szkole!\u00a0"},"content":{"rendered":"<div class=\"xdj266r x11i5rnm xat24cr x1mh8g0r x1vvkbs x126k92a\">\n<div dir=\"auto\">W ramach akcji Narodowego Czytania wsp\u00f3lnie czytali\u015bmy &#8222;Kordiana&#8221; Juliusza S\u0142owackiego! To og\u00f3lnopolska inicjatywa pod patronatem Prezydenta RP, kt\u00f3rej celem jest promowanie klasyki polskiej literatury.<\/div>\n<\/div>\n<div class=\"x11i5rnm xat24cr x1mh8g0r x1vvkbs xtlvy1s x126k92a\">\n<div dir=\"auto\">Dzi\u0119kujemy wszystkim za udzia\u0142 i ju\u017c nie mo\u017cemy si\u0119 doczeka\u0107 kolejnej edycji Narodowego Czytania!<\/div>\n<div dir=\"auto\"><img loading=\"lazy\" decoding=\"async\" class=\"alignnone size-medium wp-image-3360\" src=\"https:\/\/mieszko.edu.pl\/liceum\/wp-content\/uploads\/2024\/10\/458936244_1155655609445661_8172051655106620858_n-300x225.jpg\" alt=\"\" width=\"300\" height=\"225\" srcset=\"https:\/\/mieszko.edu.pl\/liceum\/wp-content\/uploads\/2024\/10\/458936244_1155655609445661_8172051655106620858_n-300x225.jpg 300w, https:\/\/mieszko.edu.pl\/liceum\/wp-content\/uploads\/2024\/10\/458936244_1155655609445661_8172051655106620858_n-1024x768.jpg 1024w, https:\/\/mieszko.edu.pl\/liceum\/wp-content\/uploads\/2024\/10\/458936244_1155655609445661_8172051655106620858_n-768x576.jpg 768w, https:\/\/mieszko.edu.pl\/liceum\/wp-content\/uploads\/2024\/10\/458936244_1155655609445661_8172051655106620858_n-1536x1152.jpg 1536w, https:\/\/mieszko.edu.pl\/liceum\/wp-content\/uploads\/2024\/10\/458936244_1155655609445661_8172051655106620858_n.jpg 2048w\" sizes=\"auto, (max-width: 300px) 100vw, 300px\" \/> <img loading=\"lazy\" decoding=\"async\" class=\"alignnone size-medium wp-image-3363\" src=\"https:\/\/mieszko.edu.pl\/liceum\/wp-content\/uploads\/2024\/10\/458772218_1155655592778996_1680208476439885229_n-1-300x225.jpg\" alt=\"\" width=\"300\" height=\"225\" srcset=\"https:\/\/mieszko.edu.pl\/liceum\/wp-content\/uploads\/2024\/10\/458772218_1155655592778996_1680208476439885229_n-1-300x225.jpg 300w, https:\/\/mieszko.edu.pl\/liceum\/wp-content\/uploads\/2024\/10\/458772218_1155655592778996_1680208476439885229_n-1-1024x768.jpg 1024w, https:\/\/mieszko.edu.pl\/liceum\/wp-content\/uploads\/2024\/10\/458772218_1155655592778996_1680208476439885229_n-1-768x576.jpg 768w, https:\/\/mieszko.edu.pl\/liceum\/wp-content\/uploads\/2024\/10\/458772218_1155655592778996_1680208476439885229_n-1-1536x1152.jpg 1536w, https:\/\/mieszko.edu.pl\/liceum\/wp-content\/uploads\/2024\/10\/458772218_1155655592778996_1680208476439885229_n-1.jpg 2048w\" sizes=\"auto, (max-width: 300px) 100vw, 300px\" \/> <img loading=\"lazy\" decoding=\"async\" class=\"alignnone size-medium wp-image-3364\" src=\"https:\/\/mieszko.edu.pl\/liceum\/wp-content\/uploads\/2024\/10\/458732606_1155655622778993_3707512953481364324_n-2-300x225.jpg\" alt=\"\" width=\"300\" height=\"225\" srcset=\"https:\/\/mieszko.edu.pl\/liceum\/wp-content\/uploads\/2024\/10\/458732606_1155655622778993_3707512953481364324_n-2-300x225.jpg 300w, https:\/\/mieszko.edu.pl\/liceum\/wp-content\/uploads\/2024\/10\/458732606_1155655622778993_3707512953481364324_n-2-1024x768.jpg 1024w, https:\/\/mieszko.edu.pl\/liceum\/wp-content\/uploads\/2024\/10\/458732606_1155655622778993_3707512953481364324_n-2-768x576.jpg 768w, https:\/\/mieszko.edu.pl\/liceum\/wp-content\/uploads\/2024\/10\/458732606_1155655622778993_3707512953481364324_n-2-1536x1152.jpg 1536w, https:\/\/mieszko.edu.pl\/liceum\/wp-content\/uploads\/2024\/10\/458732606_1155655622778993_3707512953481364324_n-2.jpg 2048w\" sizes=\"auto, (max-width: 300px) 100vw, 300px\" \/><\/div>\n<\/div>\n","protected":false},"excerpt":{"rendered":"<p>W ramach akcji Narodowego Czytania wsp\u00f3lnie czytali\u015bmy &#8222;Kordiana&#8221; Juliusza S\u0142owackiego! To og\u00f3lnopolska inicjatywa pod patronatem Prezydenta RP, kt\u00f3rej celem jest promowanie klasyki polskiej literatury. Dzi\u0119kujemy wszystkim za udzia\u0142 i ju\u017c nie mo\u017cemy si\u0119 doczeka\u0107 kolejnej edycji Narodowego Czytania!<\/p>\n","protected":false},"author":19,"featured_media":0,"comment_status":"closed","ping_status":"closed","sticky":false,"template":"","format":"standard","meta":{"footnotes":""},"categories":[1],"tags":[],"class_list":["post-3358","post","type-post","status-publish","format-standard","hentry","category-bez-kategorii"],"_links":{"self":[{"href":"https:\/\/mieszko.edu.pl\/liceum\/wp-json\/wp\/v2\/posts\/3358","targetHints":{"allow":["GET"]}}],"collection":[{"href":"https:\/\/mieszko.edu.pl\/liceum\/wp-json\/wp\/v2\/posts"}],"about":[{"href":"https:\/\/mieszko.edu.pl\/liceum\/wp-json\/wp\/v2\/types\/post"}],"author":[{"embeddable":true,"href":"https:\/\/mieszko.edu.pl\/liceum\/wp-json\/wp\/v2\/users\/19"}],"replies":[{"embeddable":true,"href":"https:\/\/mieszko.edu.pl\/liceum\/wp-json\/wp\/v2\/comments?post=3358"}],"version-history":[{"count":2,"href":"https:\/\/mieszko.edu.pl\/liceum\/wp-json\/wp\/v2\/posts\/3358\/revisions"}],"predecessor-version":[{"id":3366,"href":"https:\/\/mieszko.edu.pl\/liceum\/wp-json\/wp\/v2\/posts\/3358\/revisions\/3366"}],"wp:attachment":[{"href":"https:\/\/mieszko.edu.pl\/liceum\/wp-json\/wp\/v2\/media?parent=3358"}],"wp:term":[{"taxonomy":"category","embeddable":true,"href":"https:\/\/mieszko.edu.pl\/liceum\/wp-json\/wp\/v2\/categories?post=3358"},{"taxonomy":"post_tag","embeddable":true,"href":"https:\/\/mieszko.edu.pl\/liceum\/wp-json\/wp\/v2\/tags?post=3358"}],"curies":[{"name":"wp","href":"https:\/\/api.w.org\/{rel}","templated":true}]}}