{"id":3380,"date":"2024-10-03T09:46:00","date_gmt":"2024-10-03T07:46:00","guid":{"rendered":"https:\/\/mieszko.edu.pl\/liceum\/?p=3380"},"modified":"2024-10-18T14:22:58","modified_gmt":"2024-10-18T12:22:58","slug":"podsumowanie-akcji-slodki-czwartek","status":"publish","type":"post","link":"https:\/\/mieszko.edu.pl\/liceum\/aktualnosci\/podsumowanie-akcji-slodki-czwartek\/","title":{"rendered":"Podsumowanie akcji \u201eS\u0142odki czwartek\u201d"},"content":{"rendered":"<div class=\"xdj266r x11i5rnm xat24cr x1mh8g0r x1vvkbs x126k92a\">\n<div dir=\"auto\">\n<p>Dnia 26 wrze\u015bnia 2024 roku w naszej szkole odby\u0142a si\u0119 wyj\u0105tkowa akcja charytatywna \u201eS\u0142odki czwartek\u201d, kt\u00f3rej celem by\u0142a pomoc dla os\u00f3b poszkodowanych w powodzi. Dzi\u0119ki zaanga\u017cowaniu naszych wspania\u0142ych wolontariuszy oraz wsparciu wszystkich uczestnik\u00f3w, uda\u0142o si\u0119 zebra\u0107 imponuj\u0105c\u0105 kwot\u0119 2115,57 z\u0142!<\/p>\n<p>Zebrane \u015brodki zosta\u0142y przekazane na zbi\u00f3rk\u0119 organizowan\u0105 przez fundacj\u0119 Siepomaga.pl, kt\u00f3ra niesie pomoc najbardziej potrzebuj\u0105cym. Jeste\u015bmy ogromnie wdzi\u0119czni wszystkim, kt\u00f3rzy wzi\u0119li udzia\u0142 w wydarzeniu \u2013 zar\u00f3wno tym, kt\u00f3rzy przygotowali pyszne s\u0142odko\u015bci, jak i tym, kt\u00f3rzy wsparli akcj\u0119 finansowo.<\/p>\n<p>Dzi\u0119kujemy za Wasze otwarte serca i niesamowit\u0105 ch\u0119\u0107 pomagania. Wsp\u00f3lnie pokazali\u015bmy, \u017ce razem mo\u017cemy naprawd\u0119 wiele zdzia\u0142a\u0107! \u2764\ufe0f\u2764\ufe0f\u2764\ufe0f\u2764\ufe0f\u2764\ufe0f\u2764\ufe0f<\/p>\n<p><img loading=\"lazy\" decoding=\"async\" class=\"alignnone size-medium wp-image-3382\" src=\"https:\/\/mieszko.edu.pl\/liceum\/wp-content\/uploads\/2024\/10\/Zdjecie-WhatsApp-2024-10-03-o-09.42.44_32f361f9-300x225.jpg\" alt=\"\" width=\"300\" height=\"225\" srcset=\"https:\/\/mieszko.edu.pl\/liceum\/wp-content\/uploads\/2024\/10\/Zdjecie-WhatsApp-2024-10-03-o-09.42.44_32f361f9-300x225.jpg 300w, https:\/\/mieszko.edu.pl\/liceum\/wp-content\/uploads\/2024\/10\/Zdjecie-WhatsApp-2024-10-03-o-09.42.44_32f361f9-1024x768.jpg 1024w, https:\/\/mieszko.edu.pl\/liceum\/wp-content\/uploads\/2024\/10\/Zdjecie-WhatsApp-2024-10-03-o-09.42.44_32f361f9-768x576.jpg 768w, https:\/\/mieszko.edu.pl\/liceum\/wp-content\/uploads\/2024\/10\/Zdjecie-WhatsApp-2024-10-03-o-09.42.44_32f361f9-1536x1152.jpg 1536w, https:\/\/mieszko.edu.pl\/liceum\/wp-content\/uploads\/2024\/10\/Zdjecie-WhatsApp-2024-10-03-o-09.42.44_32f361f9.jpg 1600w\" sizes=\"auto, (max-width: 300px) 100vw, 300px\" \/> <img loading=\"lazy\" decoding=\"async\" class=\"alignnone size-medium wp-image-3383\" src=\"https:\/\/mieszko.edu.pl\/liceum\/wp-content\/uploads\/2024\/10\/Zdjecie-WhatsApp-2024-10-03-o-09.42.44_328d04fd-300x225.jpg\" alt=\"\" width=\"300\" height=\"225\" srcset=\"https:\/\/mieszko.edu.pl\/liceum\/wp-content\/uploads\/2024\/10\/Zdjecie-WhatsApp-2024-10-03-o-09.42.44_328d04fd-300x225.jpg 300w, https:\/\/mieszko.edu.pl\/liceum\/wp-content\/uploads\/2024\/10\/Zdjecie-WhatsApp-2024-10-03-o-09.42.44_328d04fd-1024x768.jpg 1024w, https:\/\/mieszko.edu.pl\/liceum\/wp-content\/uploads\/2024\/10\/Zdjecie-WhatsApp-2024-10-03-o-09.42.44_328d04fd-768x576.jpg 768w, https:\/\/mieszko.edu.pl\/liceum\/wp-content\/uploads\/2024\/10\/Zdjecie-WhatsApp-2024-10-03-o-09.42.44_328d04fd-1536x1152.jpg 1536w, https:\/\/mieszko.edu.pl\/liceum\/wp-content\/uploads\/2024\/10\/Zdjecie-WhatsApp-2024-10-03-o-09.42.44_328d04fd.jpg 1600w\" sizes=\"auto, (max-width: 300px) 100vw, 300px\" \/> <img loading=\"lazy\" decoding=\"async\" class=\"alignnone size-medium wp-image-3384\" src=\"https:\/\/mieszko.edu.pl\/liceum\/wp-content\/uploads\/2024\/10\/Zdjecie-WhatsApp-2024-10-03-o-09.42.44_b2186b35-300x225.jpg\" alt=\"\" width=\"300\" height=\"225\" srcset=\"https:\/\/mieszko.edu.pl\/liceum\/wp-content\/uploads\/2024\/10\/Zdjecie-WhatsApp-2024-10-03-o-09.42.44_b2186b35-300x225.jpg 300w, https:\/\/mieszko.edu.pl\/liceum\/wp-content\/uploads\/2024\/10\/Zdjecie-WhatsApp-2024-10-03-o-09.42.44_b2186b35-1024x768.jpg 1024w, https:\/\/mieszko.edu.pl\/liceum\/wp-content\/uploads\/2024\/10\/Zdjecie-WhatsApp-2024-10-03-o-09.42.44_b2186b35-768x576.jpg 768w, https:\/\/mieszko.edu.pl\/liceum\/wp-content\/uploads\/2024\/10\/Zdjecie-WhatsApp-2024-10-03-o-09.42.44_b2186b35-1536x1152.jpg 1536w, https:\/\/mieszko.edu.pl\/liceum\/wp-content\/uploads\/2024\/10\/Zdjecie-WhatsApp-2024-10-03-o-09.42.44_b2186b35.jpg 1600w\" sizes=\"auto, (max-width: 300px) 100vw, 300px\" \/> <img loading=\"lazy\" decoding=\"async\" class=\"alignnone size-medium wp-image-3385\" src=\"https:\/\/mieszko.edu.pl\/liceum\/wp-content\/uploads\/2024\/10\/Zdjecie-WhatsApp-2024-10-03-o-09.42.44_f9425a7b-300x225.jpg\" alt=\"\" width=\"300\" height=\"225\" srcset=\"https:\/\/mieszko.edu.pl\/liceum\/wp-content\/uploads\/2024\/10\/Zdjecie-WhatsApp-2024-10-03-o-09.42.44_f9425a7b-300x225.jpg 300w, https:\/\/mieszko.edu.pl\/liceum\/wp-content\/uploads\/2024\/10\/Zdjecie-WhatsApp-2024-10-03-o-09.42.44_f9425a7b-1024x768.jpg 1024w, https:\/\/mieszko.edu.pl\/liceum\/wp-content\/uploads\/2024\/10\/Zdjecie-WhatsApp-2024-10-03-o-09.42.44_f9425a7b-768x576.jpg 768w, https:\/\/mieszko.edu.pl\/liceum\/wp-content\/uploads\/2024\/10\/Zdjecie-WhatsApp-2024-10-03-o-09.42.44_f9425a7b-1536x1152.jpg 1536w, https:\/\/mieszko.edu.pl\/liceum\/wp-content\/uploads\/2024\/10\/Zdjecie-WhatsApp-2024-10-03-o-09.42.44_f9425a7b.jpg 1600w\" sizes=\"auto, (max-width: 300px) 100vw, 300px\" \/><\/p>\n<\/div>\n<\/div>\n","protected":false},"excerpt":{"rendered":"<p>Dnia 26 wrze\u015bnia 2024 roku w naszej szkole odby\u0142a si\u0119 wyj\u0105tkowa akcja charytatywna \u201eS\u0142odki czwartek\u201d, kt\u00f3rej celem by\u0142a pomoc dla os\u00f3b poszkodowanych w powodzi. Dzi\u0119ki zaanga\u017cowaniu naszych wspania\u0142ych wolontariuszy oraz wsparciu wszystkich uczestnik\u00f3w, uda\u0142o si\u0119 zebra\u0107 imponuj\u0105c\u0105 kwot\u0119 2115,57 z\u0142! Zebrane \u015brodki zosta\u0142y przekazane na zbi\u00f3rk\u0119 organizowan\u0105 przez fundacj\u0119 Siepomaga.pl, kt\u00f3ra niesie pomoc najbardziej potrzebuj\u0105cym&#8230;.<\/p>\n","protected":false},"author":19,"featured_media":0,"comment_status":"closed","ping_status":"closed","sticky":false,"template":"","format":"standard","meta":{"footnotes":""},"categories":[1],"tags":[],"class_list":["post-3380","post","type-post","status-publish","format-standard","hentry","category-bez-kategorii"],"_links":{"self":[{"href":"https:\/\/mieszko.edu.pl\/liceum\/wp-json\/wp\/v2\/posts\/3380","targetHints":{"allow":["GET"]}}],"collection":[{"href":"https:\/\/mieszko.edu.pl\/liceum\/wp-json\/wp\/v2\/posts"}],"about":[{"href":"https:\/\/mieszko.edu.pl\/liceum\/wp-json\/wp\/v2\/types\/post"}],"author":[{"embeddable":true,"href":"https:\/\/mieszko.edu.pl\/liceum\/wp-json\/wp\/v2\/users\/19"}],"replies":[{"embeddable":true,"href":"https:\/\/mieszko.edu.pl\/liceum\/wp-json\/wp\/v2\/comments?post=3380"}],"version-history":[{"count":3,"href":"https:\/\/mieszko.edu.pl\/liceum\/wp-json\/wp\/v2\/posts\/3380\/revisions"}],"predecessor-version":[{"id":3463,"href":"https:\/\/mieszko.edu.pl\/liceum\/wp-json\/wp\/v2\/posts\/3380\/revisions\/3463"}],"wp:attachment":[{"href":"https:\/\/mieszko.edu.pl\/liceum\/wp-json\/wp\/v2\/media?parent=3380"}],"wp:term":[{"taxonomy":"category","embeddable":true,"href":"https:\/\/mieszko.edu.pl\/liceum\/wp-json\/wp\/v2\/categories?post=3380"},{"taxonomy":"post_tag","embeddable":true,"href":"https:\/\/mieszko.edu.pl\/liceum\/wp-json\/wp\/v2\/tags?post=3380"}],"curies":[{"name":"wp","href":"https:\/\/api.w.org\/{rel}","templated":true}]}}