{"id":3467,"date":"2024-11-12T11:45:18","date_gmt":"2024-11-12T10:45:18","guid":{"rendered":"https:\/\/mieszko.edu.pl\/liceum\/?p=3467"},"modified":"2024-11-12T11:45:18","modified_gmt":"2024-11-12T10:45:18","slug":"ruszamy-z-projektem-mali-odkrywcy-pierwsze-zajecia-o-kosmosie-za-nami","status":"publish","type":"post","link":"https:\/\/mieszko.edu.pl\/liceum\/aktualnosci\/ruszamy-z-projektem-mali-odkrywcy-pierwsze-zajecia-o-kosmosie-za-nami\/","title":{"rendered":"Ruszamy z projektem 'Mali Odkrywcy&#8217;! Pierwsze zaj\u0119cia o kosmosie za nami!"},"content":{"rendered":"<p>Ruszamy z projektem &#8222;Mali Odkrywcy&#8221;! 29 pa\u017adziernika rozpocz\u0119li\u015bmy cykl zaj\u0119\u0107, podczas kt\u00f3rych uczniowie liceum b\u0119d\u0105 dzieli\u0107 si\u0119 swoj\u0105 wiedz\u0105 z m\u0142odszymi kolegami ze szko\u0142y podstawowej. Spotkania b\u0119d\u0105 odbywa\u0107 si\u0119 w ka\u017cdy ostatni wtorek miesi\u0105ca, obejmuj\u0105c r\u00f3\u017cnorodne tematy \u2013 od chemii i biologii, po fascynuj\u0105ce zagadnienia z innych dziedzin nauki. Pierwsze zaj\u0119cia po\u015bwi\u0119cone by\u0142y kosmosowi.<\/p>\n<p><img loading=\"lazy\" decoding=\"async\" class=\"alignnone size-medium wp-image-3468\" src=\"https:\/\/mieszko.edu.pl\/liceum\/wp-content\/uploads\/2024\/11\/Zdjecie-WhatsApp-2024-11-12-o-11.42.30_4f4561f1-300x225.jpg\" alt=\"\" width=\"300\" height=\"225\" srcset=\"https:\/\/mieszko.edu.pl\/liceum\/wp-content\/uploads\/2024\/11\/Zdjecie-WhatsApp-2024-11-12-o-11.42.30_4f4561f1-300x225.jpg 300w, https:\/\/mieszko.edu.pl\/liceum\/wp-content\/uploads\/2024\/11\/Zdjecie-WhatsApp-2024-11-12-o-11.42.30_4f4561f1-1024x768.jpg 1024w, https:\/\/mieszko.edu.pl\/liceum\/wp-content\/uploads\/2024\/11\/Zdjecie-WhatsApp-2024-11-12-o-11.42.30_4f4561f1-768x576.jpg 768w, https:\/\/mieszko.edu.pl\/liceum\/wp-content\/uploads\/2024\/11\/Zdjecie-WhatsApp-2024-11-12-o-11.42.30_4f4561f1-1536x1152.jpg 1536w, https:\/\/mieszko.edu.pl\/liceum\/wp-content\/uploads\/2024\/11\/Zdjecie-WhatsApp-2024-11-12-o-11.42.30_4f4561f1.jpg 1600w\" sizes=\"auto, (max-width: 300px) 100vw, 300px\" \/> <img loading=\"lazy\" decoding=\"async\" class=\"alignnone size-medium wp-image-3469\" src=\"https:\/\/mieszko.edu.pl\/liceum\/wp-content\/uploads\/2024\/11\/Zdjecie-WhatsApp-2024-11-12-o-11.42.30_db743bc8-300x225.jpg\" alt=\"\" width=\"300\" height=\"225\" srcset=\"https:\/\/mieszko.edu.pl\/liceum\/wp-content\/uploads\/2024\/11\/Zdjecie-WhatsApp-2024-11-12-o-11.42.30_db743bc8-300x225.jpg 300w, https:\/\/mieszko.edu.pl\/liceum\/wp-content\/uploads\/2024\/11\/Zdjecie-WhatsApp-2024-11-12-o-11.42.30_db743bc8-1024x768.jpg 1024w, https:\/\/mieszko.edu.pl\/liceum\/wp-content\/uploads\/2024\/11\/Zdjecie-WhatsApp-2024-11-12-o-11.42.30_db743bc8-768x576.jpg 768w, https:\/\/mieszko.edu.pl\/liceum\/wp-content\/uploads\/2024\/11\/Zdjecie-WhatsApp-2024-11-12-o-11.42.30_db743bc8-1536x1152.jpg 1536w, https:\/\/mieszko.edu.pl\/liceum\/wp-content\/uploads\/2024\/11\/Zdjecie-WhatsApp-2024-11-12-o-11.42.30_db743bc8.jpg 1600w\" sizes=\"auto, (max-width: 300px) 100vw, 300px\" \/><\/p>\n<p>Zach\u0119camy do obejrzenia relacji na naszym TikToku &lt;3<\/p>\n<p>https:\/\/www.tiktok.com\/@szkola_mieszko\/video\/7431169812589514006<\/p>\n<p>&nbsp;<\/p>\n","protected":false},"excerpt":{"rendered":"<p>Ruszamy z projektem &#8222;Mali Odkrywcy&#8221;! 29 pa\u017adziernika rozpocz\u0119li\u015bmy cykl zaj\u0119\u0107, podczas kt\u00f3rych uczniowie liceum b\u0119d\u0105 dzieli\u0107 si\u0119 swoj\u0105 wiedz\u0105 z m\u0142odszymi kolegami ze szko\u0142y podstawowej. Spotkania b\u0119d\u0105 odbywa\u0107 si\u0119 w ka\u017cdy ostatni wtorek miesi\u0105ca, obejmuj\u0105c r\u00f3\u017cnorodne tematy \u2013 od chemii i biologii, po fascynuj\u0105ce zagadnienia z innych dziedzin nauki. Pierwsze zaj\u0119cia po\u015bwi\u0119cone by\u0142y kosmosowi. Zach\u0119camy&#8230;<\/p>\n","protected":false},"author":19,"featured_media":0,"comment_status":"closed","ping_status":"closed","sticky":false,"template":"","format":"standard","meta":{"footnotes":""},"categories":[1],"tags":[],"class_list":["post-3467","post","type-post","status-publish","format-standard","hentry","category-bez-kategorii"],"_links":{"self":[{"href":"https:\/\/mieszko.edu.pl\/liceum\/wp-json\/wp\/v2\/posts\/3467","targetHints":{"allow":["GET"]}}],"collection":[{"href":"https:\/\/mieszko.edu.pl\/liceum\/wp-json\/wp\/v2\/posts"}],"about":[{"href":"https:\/\/mieszko.edu.pl\/liceum\/wp-json\/wp\/v2\/types\/post"}],"author":[{"embeddable":true,"href":"https:\/\/mieszko.edu.pl\/liceum\/wp-json\/wp\/v2\/users\/19"}],"replies":[{"embeddable":true,"href":"https:\/\/mieszko.edu.pl\/liceum\/wp-json\/wp\/v2\/comments?post=3467"}],"version-history":[{"count":1,"href":"https:\/\/mieszko.edu.pl\/liceum\/wp-json\/wp\/v2\/posts\/3467\/revisions"}],"predecessor-version":[{"id":3470,"href":"https:\/\/mieszko.edu.pl\/liceum\/wp-json\/wp\/v2\/posts\/3467\/revisions\/3470"}],"wp:attachment":[{"href":"https:\/\/mieszko.edu.pl\/liceum\/wp-json\/wp\/v2\/media?parent=3467"}],"wp:term":[{"taxonomy":"category","embeddable":true,"href":"https:\/\/mieszko.edu.pl\/liceum\/wp-json\/wp\/v2\/categories?post=3467"},{"taxonomy":"post_tag","embeddable":true,"href":"https:\/\/mieszko.edu.pl\/liceum\/wp-json\/wp\/v2\/tags?post=3467"}],"curies":[{"name":"wp","href":"https:\/\/api.w.org\/{rel}","templated":true}]}}