{"id":3536,"date":"2024-11-13T12:53:57","date_gmt":"2024-11-13T11:53:57","guid":{"rendered":"https:\/\/mieszko.edu.pl\/liceum\/?p=3536"},"modified":"2024-11-13T12:53:57","modified_gmt":"2024-11-13T11:53:57","slug":"szkola-do-hymnu-obchody-swieta-niepodleglosci-w-naszej-szkole","status":"publish","type":"post","link":"https:\/\/mieszko.edu.pl\/liceum\/aktualnosci\/szkola-do-hymnu-obchody-swieta-niepodleglosci-w-naszej-szkole\/","title":{"rendered":"\u201eSzko\u0142a do hymnu\u201d \u2013 Obchody \u015awi\u0119ta Niepodleg\u0142o\u015bci w naszej szkole"},"content":{"rendered":"<p><span style=\"font-family: Arial;\">W pi\u0105tek 8. listopada odby\u0142y si\u0119 szkolne obchody \u015awi\u0119ta Niepodleg\u0142o\u015bci. O symbolicznej godzinie 11.11 w auli zabrzmia\u0142 \u201eMazurek D\u0105browskiego\u201d, a uczniowie i nauczyciele wsp\u00f3lnie od\u015bpiewali hymn, anga\u017cuj\u0105c si\u0119 w akcj\u0119 \u201eSzko\u0142a do hymnu\u201d, organizowan\u0105 przez Ministerstwo Edukacji. W trakcie uroczysto\u015bci nast\u0105pi\u0142o r\u00f3wnie\u017c symboliczne przekazanie sztandaru szko\u0142y nowemu pocztowi sztandarowemu. Na zako\u0144czenie apelu m\u0142odzie\u017c wys\u0142ucha\u0142a pie\u015bni patriotycznych w wykonaniu uczennic: Antoniny i Julii przy akompaniamencie nauczyciela j\u0119zyka angielskiego p. Michaela Wilanowskiego oraz utworu \u201eMy pierwsza brygada\u201d, kt\u00f3ry na pianinie zagra\u0142 pan J\u00f3zef Kamisi\u0144ski- nauczyciel historii.<\/span><\/p>\n<p>Link do relacji TikTok:<\/p>\n<p>https:\/\/www.tiktok.com\/@szkola_mieszko\/video\/7434896030266707222<\/p>\n<p>&nbsp;<\/p>\n","protected":false},"excerpt":{"rendered":"<p>W pi\u0105tek 8. listopada odby\u0142y si\u0119 szkolne obchody \u015awi\u0119ta Niepodleg\u0142o\u015bci. O symbolicznej godzinie 11.11 w auli zabrzmia\u0142 \u201eMazurek D\u0105browskiego\u201d, a uczniowie i nauczyciele wsp\u00f3lnie od\u015bpiewali hymn, anga\u017cuj\u0105c si\u0119 w akcj\u0119 \u201eSzko\u0142a do hymnu\u201d, organizowan\u0105 przez Ministerstwo Edukacji. W trakcie uroczysto\u015bci nast\u0105pi\u0142o r\u00f3wnie\u017c symboliczne przekazanie sztandaru szko\u0142y nowemu pocztowi sztandarowemu. Na zako\u0144czenie apelu m\u0142odzie\u017c wys\u0142ucha\u0142a pie\u015bni&#8230;<\/p>\n","protected":false},"author":19,"featured_media":0,"comment_status":"closed","ping_status":"closed","sticky":false,"template":"","format":"standard","meta":{"footnotes":""},"categories":[1],"tags":[],"class_list":["post-3536","post","type-post","status-publish","format-standard","hentry","category-bez-kategorii"],"_links":{"self":[{"href":"https:\/\/mieszko.edu.pl\/liceum\/wp-json\/wp\/v2\/posts\/3536","targetHints":{"allow":["GET"]}}],"collection":[{"href":"https:\/\/mieszko.edu.pl\/liceum\/wp-json\/wp\/v2\/posts"}],"about":[{"href":"https:\/\/mieszko.edu.pl\/liceum\/wp-json\/wp\/v2\/types\/post"}],"author":[{"embeddable":true,"href":"https:\/\/mieszko.edu.pl\/liceum\/wp-json\/wp\/v2\/users\/19"}],"replies":[{"embeddable":true,"href":"https:\/\/mieszko.edu.pl\/liceum\/wp-json\/wp\/v2\/comments?post=3536"}],"version-history":[{"count":1,"href":"https:\/\/mieszko.edu.pl\/liceum\/wp-json\/wp\/v2\/posts\/3536\/revisions"}],"predecessor-version":[{"id":3537,"href":"https:\/\/mieszko.edu.pl\/liceum\/wp-json\/wp\/v2\/posts\/3536\/revisions\/3537"}],"wp:attachment":[{"href":"https:\/\/mieszko.edu.pl\/liceum\/wp-json\/wp\/v2\/media?parent=3536"}],"wp:term":[{"taxonomy":"category","embeddable":true,"href":"https:\/\/mieszko.edu.pl\/liceum\/wp-json\/wp\/v2\/categories?post=3536"},{"taxonomy":"post_tag","embeddable":true,"href":"https:\/\/mieszko.edu.pl\/liceum\/wp-json\/wp\/v2\/tags?post=3536"}],"curies":[{"name":"wp","href":"https:\/\/api.w.org\/{rel}","templated":true}]}}