{"id":3541,"date":"2024-11-26T10:44:03","date_gmt":"2024-11-26T09:44:03","guid":{"rendered":"https:\/\/mieszko.edu.pl\/liceum\/?p=3541"},"modified":"2024-11-26T10:44:03","modified_gmt":"2024-11-26T09:44:03","slug":"stypendium-prezesa-rady-ministrow","status":"publish","type":"post","link":"https:\/\/mieszko.edu.pl\/liceum\/aktualnosci\/stypendium-prezesa-rady-ministrow\/","title":{"rendered":"Stypendium Prezesa Rady Ministr\u00f3w"},"content":{"rendered":"<p><img loading=\"lazy\" decoding=\"async\" class=\"alignnone size-medium wp-image-3544\" src=\"https:\/\/mieszko.edu.pl\/liceum\/wp-content\/uploads\/2024\/11\/Zdjecie-WhatsApp-2024-11-26-o-10.37.21_638d7003-300x225.jpg\" alt=\"\" width=\"300\" height=\"225\" srcset=\"https:\/\/mieszko.edu.pl\/liceum\/wp-content\/uploads\/2024\/11\/Zdjecie-WhatsApp-2024-11-26-o-10.37.21_638d7003-300x225.jpg 300w, https:\/\/mieszko.edu.pl\/liceum\/wp-content\/uploads\/2024\/11\/Zdjecie-WhatsApp-2024-11-26-o-10.37.21_638d7003-1024x768.jpg 1024w, https:\/\/mieszko.edu.pl\/liceum\/wp-content\/uploads\/2024\/11\/Zdjecie-WhatsApp-2024-11-26-o-10.37.21_638d7003-768x576.jpg 768w, https:\/\/mieszko.edu.pl\/liceum\/wp-content\/uploads\/2024\/11\/Zdjecie-WhatsApp-2024-11-26-o-10.37.21_638d7003-1536x1152.jpg 1536w, https:\/\/mieszko.edu.pl\/liceum\/wp-content\/uploads\/2024\/11\/Zdjecie-WhatsApp-2024-11-26-o-10.37.21_638d7003.jpg 2048w\" sizes=\"auto, (max-width: 300px) 100vw, 300px\" \/><img loading=\"lazy\" decoding=\"async\" class=\"alignnone size-medium wp-image-3545\" src=\"https:\/\/mieszko.edu.pl\/liceum\/wp-content\/uploads\/2024\/11\/Zdjecie-WhatsApp-2024-11-26-o-10.37.21_a05cba64-290x300.jpg\" alt=\"\" width=\"290\" height=\"300\" srcset=\"https:\/\/mieszko.edu.pl\/liceum\/wp-content\/uploads\/2024\/11\/Zdjecie-WhatsApp-2024-11-26-o-10.37.21_a05cba64-290x300.jpg 290w, https:\/\/mieszko.edu.pl\/liceum\/wp-content\/uploads\/2024\/11\/Zdjecie-WhatsApp-2024-11-26-o-10.37.21_a05cba64-989x1024.jpg 989w, https:\/\/mieszko.edu.pl\/liceum\/wp-content\/uploads\/2024\/11\/Zdjecie-WhatsApp-2024-11-26-o-10.37.21_a05cba64-768x795.jpg 768w, https:\/\/mieszko.edu.pl\/liceum\/wp-content\/uploads\/2024\/11\/Zdjecie-WhatsApp-2024-11-26-o-10.37.21_a05cba64-1484x1536.jpg 1484w, https:\/\/mieszko.edu.pl\/liceum\/wp-content\/uploads\/2024\/11\/Zdjecie-WhatsApp-2024-11-26-o-10.37.21_a05cba64.jpg 1978w\" sizes=\"auto, (max-width: 290px) 100vw, 290px\" \/>\u00a0<img loading=\"lazy\" decoding=\"async\" class=\"alignnone size-medium wp-image-3546\" src=\"https:\/\/mieszko.edu.pl\/liceum\/wp-content\/uploads\/2024\/11\/Zdjecie-WhatsApp-2024-11-26-o-10.37.21_a80f7f63-300x252.jpg\" alt=\"\" width=\"300\" height=\"252\" srcset=\"https:\/\/mieszko.edu.pl\/liceum\/wp-content\/uploads\/2024\/11\/Zdjecie-WhatsApp-2024-11-26-o-10.37.21_a80f7f63-300x252.jpg 300w, https:\/\/mieszko.edu.pl\/liceum\/wp-content\/uploads\/2024\/11\/Zdjecie-WhatsApp-2024-11-26-o-10.37.21_a80f7f63-1024x859.jpg 1024w, https:\/\/mieszko.edu.pl\/liceum\/wp-content\/uploads\/2024\/11\/Zdjecie-WhatsApp-2024-11-26-o-10.37.21_a80f7f63-768x644.jpg 768w, https:\/\/mieszko.edu.pl\/liceum\/wp-content\/uploads\/2024\/11\/Zdjecie-WhatsApp-2024-11-26-o-10.37.21_a80f7f63-1536x1289.jpg 1536w, https:\/\/mieszko.edu.pl\/liceum\/wp-content\/uploads\/2024\/11\/Zdjecie-WhatsApp-2024-11-26-o-10.37.21_a80f7f63.jpg 2048w\" sizes=\"auto, (max-width: 300px) 100vw, 300px\" \/> <img loading=\"lazy\" decoding=\"async\" class=\"alignnone size-medium wp-image-3547\" src=\"https:\/\/mieszko.edu.pl\/liceum\/wp-content\/uploads\/2024\/11\/Zdjecie-WhatsApp-2024-11-26-o-10.37.23_8e70f6c5-300x233.jpg\" alt=\"\" width=\"300\" height=\"233\" srcset=\"https:\/\/mieszko.edu.pl\/liceum\/wp-content\/uploads\/2024\/11\/Zdjecie-WhatsApp-2024-11-26-o-10.37.23_8e70f6c5-300x233.jpg 300w, https:\/\/mieszko.edu.pl\/liceum\/wp-content\/uploads\/2024\/11\/Zdjecie-WhatsApp-2024-11-26-o-10.37.23_8e70f6c5-1024x796.jpg 1024w, https:\/\/mieszko.edu.pl\/liceum\/wp-content\/uploads\/2024\/11\/Zdjecie-WhatsApp-2024-11-26-o-10.37.23_8e70f6c5-768x597.jpg 768w, https:\/\/mieszko.edu.pl\/liceum\/wp-content\/uploads\/2024\/11\/Zdjecie-WhatsApp-2024-11-26-o-10.37.23_8e70f6c5-1536x1194.jpg 1536w, https:\/\/mieszko.edu.pl\/liceum\/wp-content\/uploads\/2024\/11\/Zdjecie-WhatsApp-2024-11-26-o-10.37.23_8e70f6c5.jpg 2048w\" sizes=\"auto, (max-width: 300px) 100vw, 300px\" \/><\/p>\n<p>W poniedzia\u0142ek 25 listopada w sali sesyjnej Wielkopolskiego Urz\u0119du Wojew\u00f3dzkiego odby\u0142a si\u0119 wyj\u0105tkowa uroczysto\u015b\u0107 wr\u0119czenia Stypendi\u00f3w Prezesa Rady Ministr\u00f3w dla najwybitniejszych uczni\u00f3w.<\/p>\n<p>Stypendium przyznaje si\u0119 jednemu uczniowi danej szko\u0142y, kt\u00f3ry otrzyma\u0142 promocj\u0119 z wyr\u00f3\u017cnieniem, uzyskuj\u0105c przy tym najwy\u017csz\u0105 w danej szkole \u015bredni\u0105 ocen. W roku szkolnym 2023\/2024 najwy\u017csz\u0105 \u015bredni\u0105 ocen w liceum MIESZKO uzyska\u0142 Mykhailo Fesenko z klasy III D, kt\u00f3ry znalaz\u0142 si\u0119 w zaszczytnym gronie nagrodzonych uczni\u00f3w.<\/p>\n<p>Mykhaile, gratulujemy Ci i \u017cyczymy dalszych sukces\u00f3w!<\/p>\n","protected":false},"excerpt":{"rendered":"<p>\u00a0 W poniedzia\u0142ek 25 listopada w sali sesyjnej Wielkopolskiego Urz\u0119du Wojew\u00f3dzkiego odby\u0142a si\u0119 wyj\u0105tkowa uroczysto\u015b\u0107 wr\u0119czenia Stypendi\u00f3w Prezesa Rady Ministr\u00f3w dla najwybitniejszych uczni\u00f3w. Stypendium przyznaje si\u0119 jednemu uczniowi danej szko\u0142y, kt\u00f3ry otrzyma\u0142 promocj\u0119 z wyr\u00f3\u017cnieniem, uzyskuj\u0105c przy tym najwy\u017csz\u0105 w danej szkole \u015bredni\u0105 ocen. W roku szkolnym 2023\/2024 najwy\u017csz\u0105 \u015bredni\u0105 ocen w liceum MIESZKO uzyska\u0142&#8230;<\/p>\n","protected":false},"author":19,"featured_media":0,"comment_status":"closed","ping_status":"closed","sticky":false,"template":"","format":"standard","meta":{"footnotes":""},"categories":[1],"tags":[],"class_list":["post-3541","post","type-post","status-publish","format-standard","hentry","category-bez-kategorii"],"_links":{"self":[{"href":"https:\/\/mieszko.edu.pl\/liceum\/wp-json\/wp\/v2\/posts\/3541","targetHints":{"allow":["GET"]}}],"collection":[{"href":"https:\/\/mieszko.edu.pl\/liceum\/wp-json\/wp\/v2\/posts"}],"about":[{"href":"https:\/\/mieszko.edu.pl\/liceum\/wp-json\/wp\/v2\/types\/post"}],"author":[{"embeddable":true,"href":"https:\/\/mieszko.edu.pl\/liceum\/wp-json\/wp\/v2\/users\/19"}],"replies":[{"embeddable":true,"href":"https:\/\/mieszko.edu.pl\/liceum\/wp-json\/wp\/v2\/comments?post=3541"}],"version-history":[{"count":1,"href":"https:\/\/mieszko.edu.pl\/liceum\/wp-json\/wp\/v2\/posts\/3541\/revisions"}],"predecessor-version":[{"id":3548,"href":"https:\/\/mieszko.edu.pl\/liceum\/wp-json\/wp\/v2\/posts\/3541\/revisions\/3548"}],"wp:attachment":[{"href":"https:\/\/mieszko.edu.pl\/liceum\/wp-json\/wp\/v2\/media?parent=3541"}],"wp:term":[{"taxonomy":"category","embeddable":true,"href":"https:\/\/mieszko.edu.pl\/liceum\/wp-json\/wp\/v2\/categories?post=3541"},{"taxonomy":"post_tag","embeddable":true,"href":"https:\/\/mieszko.edu.pl\/liceum\/wp-json\/wp\/v2\/tags?post=3541"}],"curies":[{"name":"wp","href":"https:\/\/api.w.org\/{rel}","templated":true}]}}