{"id":3563,"date":"2024-12-23T12:23:48","date_gmt":"2024-12-23T11:23:48","guid":{"rendered":"https:\/\/mieszko.edu.pl\/liceum\/?p=3563"},"modified":"2024-12-23T12:23:48","modified_gmt":"2024-12-23T11:23:48","slug":"zyczenia-swiateczne-i-noworoczne","status":"publish","type":"post","link":"https:\/\/mieszko.edu.pl\/liceum\/aktualnosci\/zyczenia-swiateczne-i-noworoczne\/","title":{"rendered":"\u017byczenia \u015bwi\u0105teczne i noworoczne"},"content":{"rendered":"<p>Z okazji \u015awi\u0105t Bo\u017cego Narodzenia \u017cyczymy ca\u0142ej naszej spo\u0142eczno\u015bci szkolnej \u2013 uczniom, rodzicom, nauczycielom i pracownikom \u2013 radosnych i spokojnych chwil w gronie najbli\u017cszych. Niech ten wyj\u0105tkowy czas przyniesie wytchnienie, ciep\u0142o i mn\u00f3stwo u\u015bmiechu.<\/p>\n<p>W nadchodz\u0105cym Nowym Roku \u017cyczymy spe\u0142nienia marze\u0144, sukces\u00f3w na ka\u017cdej p\u0142aszczy\u017anie i mn\u00f3stwo pozytywnej energii!<\/p>\n<p>Dzi\u0119kujemy, \u017ce wsp\u00f3lnie tworzymy t\u0119 niezwyk\u0142\u0105 spo\u0142eczno\u015b\u0107. Do zobaczenia w 2025 roku!<\/p>\n<p><img loading=\"lazy\" decoding=\"async\" class=\"alignnone size-medium wp-image-3557\" src=\"https:\/\/mieszko.edu.pl\/liceum\/wp-content\/uploads\/2024\/12\/zyczenia-300x251.jpg\" alt=\"\" width=\"300\" height=\"251\" srcset=\"https:\/\/mieszko.edu.pl\/liceum\/wp-content\/uploads\/2024\/12\/zyczenia-300x251.jpg 300w, https:\/\/mieszko.edu.pl\/liceum\/wp-content\/uploads\/2024\/12\/zyczenia-768x644.jpg 768w, https:\/\/mieszko.edu.pl\/liceum\/wp-content\/uploads\/2024\/12\/zyczenia.jpg 940w\" sizes=\"auto, (max-width: 300px) 100vw, 300px\" \/><\/p>\n","protected":false},"excerpt":{"rendered":"<p>Z okazji \u015awi\u0105t Bo\u017cego Narodzenia \u017cyczymy ca\u0142ej naszej spo\u0142eczno\u015bci szkolnej \u2013 uczniom, rodzicom, nauczycielom i pracownikom \u2013 radosnych i spokojnych chwil w gronie najbli\u017cszych. Niech ten wyj\u0105tkowy czas przyniesie wytchnienie, ciep\u0142o i mn\u00f3stwo u\u015bmiechu. W nadchodz\u0105cym Nowym Roku \u017cyczymy spe\u0142nienia marze\u0144, sukces\u00f3w na ka\u017cdej p\u0142aszczy\u017anie i mn\u00f3stwo pozytywnej energii! Dzi\u0119kujemy, \u017ce wsp\u00f3lnie tworzymy t\u0119 niezwyk\u0142\u0105&#8230;<\/p>\n","protected":false},"author":19,"featured_media":0,"comment_status":"closed","ping_status":"closed","sticky":false,"template":"","format":"standard","meta":{"footnotes":""},"categories":[1],"tags":[],"class_list":["post-3563","post","type-post","status-publish","format-standard","hentry","category-bez-kategorii"],"_links":{"self":[{"href":"https:\/\/mieszko.edu.pl\/liceum\/wp-json\/wp\/v2\/posts\/3563","targetHints":{"allow":["GET"]}}],"collection":[{"href":"https:\/\/mieszko.edu.pl\/liceum\/wp-json\/wp\/v2\/posts"}],"about":[{"href":"https:\/\/mieszko.edu.pl\/liceum\/wp-json\/wp\/v2\/types\/post"}],"author":[{"embeddable":true,"href":"https:\/\/mieszko.edu.pl\/liceum\/wp-json\/wp\/v2\/users\/19"}],"replies":[{"embeddable":true,"href":"https:\/\/mieszko.edu.pl\/liceum\/wp-json\/wp\/v2\/comments?post=3563"}],"version-history":[{"count":2,"href":"https:\/\/mieszko.edu.pl\/liceum\/wp-json\/wp\/v2\/posts\/3563\/revisions"}],"predecessor-version":[{"id":3565,"href":"https:\/\/mieszko.edu.pl\/liceum\/wp-json\/wp\/v2\/posts\/3563\/revisions\/3565"}],"wp:attachment":[{"href":"https:\/\/mieszko.edu.pl\/liceum\/wp-json\/wp\/v2\/media?parent=3563"}],"wp:term":[{"taxonomy":"category","embeddable":true,"href":"https:\/\/mieszko.edu.pl\/liceum\/wp-json\/wp\/v2\/categories?post=3563"},{"taxonomy":"post_tag","embeddable":true,"href":"https:\/\/mieszko.edu.pl\/liceum\/wp-json\/wp\/v2\/tags?post=3563"}],"curies":[{"name":"wp","href":"https:\/\/api.w.org\/{rel}","templated":true}]}}