{"id":3760,"date":"2025-04-18T12:53:07","date_gmt":"2025-04-18T10:53:07","guid":{"rendered":"https:\/\/mieszko.edu.pl\/liceum\/?p=3760"},"modified":"2025-04-18T12:53:07","modified_gmt":"2025-04-18T10:53:07","slug":"konkurs-historyczny-z-okazji-1000-lecia-koronacji-krolow-polski","status":"publish","type":"post","link":"https:\/\/mieszko.edu.pl\/liceum\/aktualnosci\/konkurs-historyczny-z-okazji-1000-lecia-koronacji-krolow-polski\/","title":{"rendered":"Konkurs historyczny z okazji 1000-lecia koronacji kr\u00f3l\u00f3w Polski"},"content":{"rendered":"<p class=\"\" data-start=\"0\" data-end=\"189\">Nasi uczniowie wzi\u0119li udzia\u0142 w wyj\u0105tkowym Konkursie Wiedzy Historycznej, zorganizowanym z okazji 1000-lecia koronacji pierwszych kr\u00f3l\u00f3w Polski \u2013 Boles\u0142awa Chrobrego i Mieszka II Lamberta!<\/p>\n<p class=\"\" data-start=\"276\" data-end=\"315\">Wyniki ju\u017c wkr\u00f3tce \u2013 trzymajcie kciuki!<\/p>\n<p data-start=\"276\" data-end=\"315\">\n<p data-start=\"276\" data-end=\"315\"><img loading=\"lazy\" decoding=\"async\" class=\"alignnone size-medium wp-image-3761\" src=\"https:\/\/mieszko.edu.pl\/liceum\/wp-content\/uploads\/2025\/04\/IMG_1807-300x216.jpg\" alt=\"\" width=\"300\" height=\"216\" srcset=\"https:\/\/mieszko.edu.pl\/liceum\/wp-content\/uploads\/2025\/04\/IMG_1807-300x216.jpg 300w, https:\/\/mieszko.edu.pl\/liceum\/wp-content\/uploads\/2025\/04\/IMG_1807-1024x737.jpg 1024w, https:\/\/mieszko.edu.pl\/liceum\/wp-content\/uploads\/2025\/04\/IMG_1807-768x553.jpg 768w, https:\/\/mieszko.edu.pl\/liceum\/wp-content\/uploads\/2025\/04\/IMG_1807-1536x1106.jpg 1536w, https:\/\/mieszko.edu.pl\/liceum\/wp-content\/uploads\/2025\/04\/IMG_1807.jpg 1600w\" sizes=\"auto, (max-width: 300px) 100vw, 300px\" \/> <img loading=\"lazy\" decoding=\"async\" class=\"alignnone size-medium wp-image-3762\" src=\"https:\/\/mieszko.edu.pl\/liceum\/wp-content\/uploads\/2025\/04\/IMG_1808-300x174.jpg\" alt=\"\" width=\"300\" height=\"174\" srcset=\"https:\/\/mieszko.edu.pl\/liceum\/wp-content\/uploads\/2025\/04\/IMG_1808-300x174.jpg 300w, https:\/\/mieszko.edu.pl\/liceum\/wp-content\/uploads\/2025\/04\/IMG_1808-1024x593.jpg 1024w, https:\/\/mieszko.edu.pl\/liceum\/wp-content\/uploads\/2025\/04\/IMG_1808-768x444.jpg 768w, https:\/\/mieszko.edu.pl\/liceum\/wp-content\/uploads\/2025\/04\/IMG_1808-1536x889.jpg 1536w, https:\/\/mieszko.edu.pl\/liceum\/wp-content\/uploads\/2025\/04\/IMG_1808.jpg 1600w\" sizes=\"auto, (max-width: 300px) 100vw, 300px\" \/> <img loading=\"lazy\" decoding=\"async\" class=\"alignnone size-medium wp-image-3763\" src=\"https:\/\/mieszko.edu.pl\/liceum\/wp-content\/uploads\/2025\/04\/IMG_1809-300x225.jpg\" alt=\"\" width=\"300\" height=\"225\" srcset=\"https:\/\/mieszko.edu.pl\/liceum\/wp-content\/uploads\/2025\/04\/IMG_1809-300x225.jpg 300w, https:\/\/mieszko.edu.pl\/liceum\/wp-content\/uploads\/2025\/04\/IMG_1809-1024x768.jpg 1024w, https:\/\/mieszko.edu.pl\/liceum\/wp-content\/uploads\/2025\/04\/IMG_1809-768x576.jpg 768w, https:\/\/mieszko.edu.pl\/liceum\/wp-content\/uploads\/2025\/04\/IMG_1809-1536x1152.jpg 1536w, https:\/\/mieszko.edu.pl\/liceum\/wp-content\/uploads\/2025\/04\/IMG_1809.jpg 1600w\" sizes=\"auto, (max-width: 300px) 100vw, 300px\" \/><\/p>\n","protected":false},"excerpt":{"rendered":"<p>Nasi uczniowie wzi\u0119li udzia\u0142 w wyj\u0105tkowym Konkursie Wiedzy Historycznej, zorganizowanym z okazji 1000-lecia koronacji pierwszych kr\u00f3l\u00f3w Polski \u2013 Boles\u0142awa Chrobrego i Mieszka II Lamberta! Wyniki ju\u017c wkr\u00f3tce \u2013 trzymajcie kciuki!<\/p>\n","protected":false},"author":19,"featured_media":0,"comment_status":"closed","ping_status":"closed","sticky":false,"template":"","format":"standard","meta":{"footnotes":""},"categories":[1],"tags":[],"class_list":["post-3760","post","type-post","status-publish","format-standard","hentry","category-bez-kategorii"],"_links":{"self":[{"href":"https:\/\/mieszko.edu.pl\/liceum\/wp-json\/wp\/v2\/posts\/3760","targetHints":{"allow":["GET"]}}],"collection":[{"href":"https:\/\/mieszko.edu.pl\/liceum\/wp-json\/wp\/v2\/posts"}],"about":[{"href":"https:\/\/mieszko.edu.pl\/liceum\/wp-json\/wp\/v2\/types\/post"}],"author":[{"embeddable":true,"href":"https:\/\/mieszko.edu.pl\/liceum\/wp-json\/wp\/v2\/users\/19"}],"replies":[{"embeddable":true,"href":"https:\/\/mieszko.edu.pl\/liceum\/wp-json\/wp\/v2\/comments?post=3760"}],"version-history":[{"count":1,"href":"https:\/\/mieszko.edu.pl\/liceum\/wp-json\/wp\/v2\/posts\/3760\/revisions"}],"predecessor-version":[{"id":3764,"href":"https:\/\/mieszko.edu.pl\/liceum\/wp-json\/wp\/v2\/posts\/3760\/revisions\/3764"}],"wp:attachment":[{"href":"https:\/\/mieszko.edu.pl\/liceum\/wp-json\/wp\/v2\/media?parent=3760"}],"wp:term":[{"taxonomy":"category","embeddable":true,"href":"https:\/\/mieszko.edu.pl\/liceum\/wp-json\/wp\/v2\/categories?post=3760"},{"taxonomy":"post_tag","embeddable":true,"href":"https:\/\/mieszko.edu.pl\/liceum\/wp-json\/wp\/v2\/tags?post=3760"}],"curies":[{"name":"wp","href":"https:\/\/api.w.org\/{rel}","templated":true}]}}