{"id":3796,"date":"2025-04-23T10:06:31","date_gmt":"2025-04-23T08:06:31","guid":{"rendered":"https:\/\/mieszko.edu.pl\/liceum\/?p=3796"},"modified":"2025-04-23T10:08:20","modified_gmt":"2025-04-23T08:08:20","slug":"wycieczka-sladami-poczatkow-panstwa-polskiego","status":"publish","type":"post","link":"https:\/\/mieszko.edu.pl\/liceum\/aktualnosci\/wycieczka-sladami-poczatkow-panstwa-polskiego\/","title":{"rendered":"Wycieczka \u015bladami pocz\u0105tk\u00f3w pa\u0144stwa polskiego"},"content":{"rendered":"<p>16 kwietnia uczniowie naszego liceum, w ramach obchod\u00f3w Dnia Patrona, odwiedzili Muzeum Pierwszych Piast\u00f3w na Lednicy oraz Katedr\u0119 Gnie\u017anie\u0144sk\u0105.<br data-start=\"195\" data-end=\"198\" \/>Na Ostrowie Lednickim poznali pocz\u0105tki pa\u0144stwa polskiego, zwiedzili relikty grodu Mieszka I i wys\u0142uchali ciekawostek o \u017cyciu pierwszych Piast\u00f3w.<br data-start=\"342\" data-end=\"345\" \/>W Gnie\u017anie zobaczyli mi\u0119dzy innymi s\u0142ynne Drzwi Gnie\u017anie\u0144skie oraz miejsce koronacji pierwszych kr\u00f3l\u00f3w Polski.<\/p>\n<p>Zapraszamy do odwiedzenia naszego profilu na TikToku, gdzie opublikowali\u015bmy filmik z tej wycieczki: <a class=\"\" href=\"https:\/\/www.tiktok.com\/@szkola_mieszko\" target=\"_new\" rel=\"noopener\" data-start=\"559\" data-end=\"627\" data-is-last-node=\"\">tiktok.com\/@szkola_mieszko<\/a><\/p>\n<p><img loading=\"lazy\" decoding=\"async\" class=\"alignnone size-medium wp-image-3797\" src=\"https:\/\/mieszko.edu.pl\/liceum\/wp-content\/uploads\/2025\/04\/WhatsApp-Image-2025-04-23-at-10.02.34-1-300x225.jpeg\" alt=\"\" width=\"300\" height=\"225\" srcset=\"https:\/\/mieszko.edu.pl\/liceum\/wp-content\/uploads\/2025\/04\/WhatsApp-Image-2025-04-23-at-10.02.34-1-300x225.jpeg 300w, https:\/\/mieszko.edu.pl\/liceum\/wp-content\/uploads\/2025\/04\/WhatsApp-Image-2025-04-23-at-10.02.34-1-1024x768.jpeg 1024w, https:\/\/mieszko.edu.pl\/liceum\/wp-content\/uploads\/2025\/04\/WhatsApp-Image-2025-04-23-at-10.02.34-1-768x576.jpeg 768w, https:\/\/mieszko.edu.pl\/liceum\/wp-content\/uploads\/2025\/04\/WhatsApp-Image-2025-04-23-at-10.02.34-1-1536x1152.jpeg 1536w, https:\/\/mieszko.edu.pl\/liceum\/wp-content\/uploads\/2025\/04\/WhatsApp-Image-2025-04-23-at-10.02.34-1.jpeg 2048w\" sizes=\"auto, (max-width: 300px) 100vw, 300px\" \/> <img loading=\"lazy\" decoding=\"async\" class=\"alignnone size-medium wp-image-3798\" src=\"https:\/\/mieszko.edu.pl\/liceum\/wp-content\/uploads\/2025\/04\/WhatsApp-Image-2025-04-23-at-10.02.34-2-300x225.jpeg\" alt=\"\" width=\"300\" height=\"225\" srcset=\"https:\/\/mieszko.edu.pl\/liceum\/wp-content\/uploads\/2025\/04\/WhatsApp-Image-2025-04-23-at-10.02.34-2-300x225.jpeg 300w, https:\/\/mieszko.edu.pl\/liceum\/wp-content\/uploads\/2025\/04\/WhatsApp-Image-2025-04-23-at-10.02.34-2-1024x768.jpeg 1024w, https:\/\/mieszko.edu.pl\/liceum\/wp-content\/uploads\/2025\/04\/WhatsApp-Image-2025-04-23-at-10.02.34-2-768x576.jpeg 768w, https:\/\/mieszko.edu.pl\/liceum\/wp-content\/uploads\/2025\/04\/WhatsApp-Image-2025-04-23-at-10.02.34-2-1536x1152.jpeg 1536w, https:\/\/mieszko.edu.pl\/liceum\/wp-content\/uploads\/2025\/04\/WhatsApp-Image-2025-04-23-at-10.02.34-2.jpeg 2048w\" sizes=\"auto, (max-width: 300px) 100vw, 300px\" \/> <img loading=\"lazy\" decoding=\"async\" class=\"alignnone size-medium wp-image-3799\" src=\"https:\/\/mieszko.edu.pl\/liceum\/wp-content\/uploads\/2025\/04\/WhatsApp-Image-2025-04-23-at-10.02.34-3-300x225.jpeg\" alt=\"\" width=\"300\" height=\"225\" srcset=\"https:\/\/mieszko.edu.pl\/liceum\/wp-content\/uploads\/2025\/04\/WhatsApp-Image-2025-04-23-at-10.02.34-3-300x225.jpeg 300w, https:\/\/mieszko.edu.pl\/liceum\/wp-content\/uploads\/2025\/04\/WhatsApp-Image-2025-04-23-at-10.02.34-3-1024x768.jpeg 1024w, https:\/\/mieszko.edu.pl\/liceum\/wp-content\/uploads\/2025\/04\/WhatsApp-Image-2025-04-23-at-10.02.34-3-768x576.jpeg 768w, https:\/\/mieszko.edu.pl\/liceum\/wp-content\/uploads\/2025\/04\/WhatsApp-Image-2025-04-23-at-10.02.34-3-1536x1152.jpeg 1536w, https:\/\/mieszko.edu.pl\/liceum\/wp-content\/uploads\/2025\/04\/WhatsApp-Image-2025-04-23-at-10.02.34-3.jpeg 2048w\" sizes=\"auto, (max-width: 300px) 100vw, 300px\" \/> \u00a0<img loading=\"lazy\" decoding=\"async\" class=\"alignnone size-medium wp-image-3801\" src=\"https:\/\/mieszko.edu.pl\/liceum\/wp-content\/uploads\/2025\/04\/WhatsApp-Image-2025-04-23-at-10.02.34-300x225.jpeg\" alt=\"\" width=\"300\" height=\"225\" srcset=\"https:\/\/mieszko.edu.pl\/liceum\/wp-content\/uploads\/2025\/04\/WhatsApp-Image-2025-04-23-at-10.02.34-300x225.jpeg 300w, https:\/\/mieszko.edu.pl\/liceum\/wp-content\/uploads\/2025\/04\/WhatsApp-Image-2025-04-23-at-10.02.34-1024x768.jpeg 1024w, https:\/\/mieszko.edu.pl\/liceum\/wp-content\/uploads\/2025\/04\/WhatsApp-Image-2025-04-23-at-10.02.34-768x576.jpeg 768w, https:\/\/mieszko.edu.pl\/liceum\/wp-content\/uploads\/2025\/04\/WhatsApp-Image-2025-04-23-at-10.02.34-1536x1152.jpeg 1536w, https:\/\/mieszko.edu.pl\/liceum\/wp-content\/uploads\/2025\/04\/WhatsApp-Image-2025-04-23-at-10.02.34.jpeg 2048w\" sizes=\"auto, (max-width: 300px) 100vw, 300px\" \/> <img loading=\"lazy\" decoding=\"async\" class=\"alignnone size-medium wp-image-3802\" src=\"https:\/\/mieszko.edu.pl\/liceum\/wp-content\/uploads\/2025\/04\/WhatsApp-Image-2025-04-16-at-10.01.44-1-300x225.jpeg\" alt=\"\" width=\"300\" height=\"225\" srcset=\"https:\/\/mieszko.edu.pl\/liceum\/wp-content\/uploads\/2025\/04\/WhatsApp-Image-2025-04-16-at-10.01.44-1-300x225.jpeg 300w, https:\/\/mieszko.edu.pl\/liceum\/wp-content\/uploads\/2025\/04\/WhatsApp-Image-2025-04-16-at-10.01.44-1-1024x768.jpeg 1024w, https:\/\/mieszko.edu.pl\/liceum\/wp-content\/uploads\/2025\/04\/WhatsApp-Image-2025-04-16-at-10.01.44-1-768x576.jpeg 768w, https:\/\/mieszko.edu.pl\/liceum\/wp-content\/uploads\/2025\/04\/WhatsApp-Image-2025-04-16-at-10.01.44-1-1536x1152.jpeg 1536w, https:\/\/mieszko.edu.pl\/liceum\/wp-content\/uploads\/2025\/04\/WhatsApp-Image-2025-04-16-at-10.01.44-1.jpeg 2048w\" sizes=\"auto, (max-width: 300px) 100vw, 300px\" \/> <img loading=\"lazy\" decoding=\"async\" class=\"alignnone size-medium wp-image-3803\" src=\"https:\/\/mieszko.edu.pl\/liceum\/wp-content\/uploads\/2025\/04\/WhatsApp-Image-2025-04-16-at-10.01.44-2-300x225.jpeg\" alt=\"\" width=\"300\" height=\"225\" srcset=\"https:\/\/mieszko.edu.pl\/liceum\/wp-content\/uploads\/2025\/04\/WhatsApp-Image-2025-04-16-at-10.01.44-2-300x225.jpeg 300w, https:\/\/mieszko.edu.pl\/liceum\/wp-content\/uploads\/2025\/04\/WhatsApp-Image-2025-04-16-at-10.01.44-2-1024x768.jpeg 1024w, https:\/\/mieszko.edu.pl\/liceum\/wp-content\/uploads\/2025\/04\/WhatsApp-Image-2025-04-16-at-10.01.44-2-768x576.jpeg 768w, https:\/\/mieszko.edu.pl\/liceum\/wp-content\/uploads\/2025\/04\/WhatsApp-Image-2025-04-16-at-10.01.44-2-1536x1152.jpeg 1536w, https:\/\/mieszko.edu.pl\/liceum\/wp-content\/uploads\/2025\/04\/WhatsApp-Image-2025-04-16-at-10.01.44-2.jpeg 2048w\" sizes=\"auto, (max-width: 300px) 100vw, 300px\" \/> <img loading=\"lazy\" decoding=\"async\" class=\"alignnone size-medium wp-image-3804\" src=\"https:\/\/mieszko.edu.pl\/liceum\/wp-content\/uploads\/2025\/04\/WhatsApp-Image-2025-04-16-at-10.01.44-300x225.jpeg\" alt=\"\" width=\"300\" height=\"225\" srcset=\"https:\/\/mieszko.edu.pl\/liceum\/wp-content\/uploads\/2025\/04\/WhatsApp-Image-2025-04-16-at-10.01.44-300x225.jpeg 300w, https:\/\/mieszko.edu.pl\/liceum\/wp-content\/uploads\/2025\/04\/WhatsApp-Image-2025-04-16-at-10.01.44-1024x768.jpeg 1024w, https:\/\/mieszko.edu.pl\/liceum\/wp-content\/uploads\/2025\/04\/WhatsApp-Image-2025-04-16-at-10.01.44-768x576.jpeg 768w, https:\/\/mieszko.edu.pl\/liceum\/wp-content\/uploads\/2025\/04\/WhatsApp-Image-2025-04-16-at-10.01.44-1536x1152.jpeg 1536w, https:\/\/mieszko.edu.pl\/liceum\/wp-content\/uploads\/2025\/04\/WhatsApp-Image-2025-04-16-at-10.01.44.jpeg 2048w\" sizes=\"auto, (max-width: 300px) 100vw, 300px\" \/><\/p>\n","protected":false},"excerpt":{"rendered":"<p>16 kwietnia uczniowie naszego liceum, w ramach obchod\u00f3w Dnia Patrona, odwiedzili Muzeum Pierwszych Piast\u00f3w na Lednicy oraz Katedr\u0119 Gnie\u017anie\u0144sk\u0105.Na Ostrowie Lednickim poznali pocz\u0105tki pa\u0144stwa polskiego, zwiedzili relikty grodu Mieszka I i wys\u0142uchali ciekawostek o \u017cyciu pierwszych Piast\u00f3w.W Gnie\u017anie zobaczyli mi\u0119dzy innymi s\u0142ynne Drzwi Gnie\u017anie\u0144skie oraz miejsce koronacji pierwszych kr\u00f3l\u00f3w Polski. Zapraszamy do odwiedzenia naszego profilu&#8230;<\/p>\n","protected":false},"author":19,"featured_media":0,"comment_status":"closed","ping_status":"closed","sticky":false,"template":"","format":"standard","meta":{"footnotes":""},"categories":[1],"tags":[],"class_list":["post-3796","post","type-post","status-publish","format-standard","hentry","category-bez-kategorii"],"_links":{"self":[{"href":"https:\/\/mieszko.edu.pl\/liceum\/wp-json\/wp\/v2\/posts\/3796","targetHints":{"allow":["GET"]}}],"collection":[{"href":"https:\/\/mieszko.edu.pl\/liceum\/wp-json\/wp\/v2\/posts"}],"about":[{"href":"https:\/\/mieszko.edu.pl\/liceum\/wp-json\/wp\/v2\/types\/post"}],"author":[{"embeddable":true,"href":"https:\/\/mieszko.edu.pl\/liceum\/wp-json\/wp\/v2\/users\/19"}],"replies":[{"embeddable":true,"href":"https:\/\/mieszko.edu.pl\/liceum\/wp-json\/wp\/v2\/comments?post=3796"}],"version-history":[{"count":3,"href":"https:\/\/mieszko.edu.pl\/liceum\/wp-json\/wp\/v2\/posts\/3796\/revisions"}],"predecessor-version":[{"id":3808,"href":"https:\/\/mieszko.edu.pl\/liceum\/wp-json\/wp\/v2\/posts\/3796\/revisions\/3808"}],"wp:attachment":[{"href":"https:\/\/mieszko.edu.pl\/liceum\/wp-json\/wp\/v2\/media?parent=3796"}],"wp:term":[{"taxonomy":"category","embeddable":true,"href":"https:\/\/mieszko.edu.pl\/liceum\/wp-json\/wp\/v2\/categories?post=3796"},{"taxonomy":"post_tag","embeddable":true,"href":"https:\/\/mieszko.edu.pl\/liceum\/wp-json\/wp\/v2\/tags?post=3796"}],"curies":[{"name":"wp","href":"https:\/\/api.w.org\/{rel}","templated":true}]}}