{"id":3810,"date":"2025-04-30T14:44:45","date_gmt":"2025-04-30T12:44:45","guid":{"rendered":"https:\/\/mieszko.edu.pl\/liceum\/?p=3810"},"modified":"2025-04-30T14:44:45","modified_gmt":"2025-04-30T12:44:45","slug":"zakonczenie-roku-szkolnego-klas-maturalnych-2025","status":"publish","type":"post","link":"https:\/\/mieszko.edu.pl\/liceum\/aktualnosci\/zakonczenie-roku-szkolnego-klas-maturalnych-2025\/","title":{"rendered":"Zako\u0144czenie roku szkolnego klas maturalnych 2025"},"content":{"rendered":"<p class=\"\" data-start=\"88\" data-end=\"378\">25 kwietnia uroczy\u015bcie po\u017cegnali\u015bmy naszych licealist\u00f3w \u2013 wyj\u0105tkowych m\u0142odych ludzi, kt\u00f3rzy ju\u017c za chwil\u0119 zmierz\u0105 si\u0119 z egzaminem dojrza\u0142o\u015bci. Tegoroczne zako\u0144czenie mia\u0142o szczeg\u00f3lny charakter \u2013 maturzy\u015bci wyst\u0105pili w biretach i togach, co doda\u0142o wydarzeniu wyj\u0105tkowego klimatu i symboliki.<\/p>\n<p class=\"\" data-start=\"380\" data-end=\"504\">Dzi\u0119kujemy za wsp\u00f3lne lata, u\u015bmiechy i wspomnienia. Trzymamy za Was kciuki na maturze i \u017cyczymy powodzenia w dalszej drodze!<\/p>\n<p data-start=\"380\" data-end=\"504\"><img loading=\"lazy\" decoding=\"async\" class=\"alignnone size-medium wp-image-3815\" src=\"https:\/\/mieszko.edu.pl\/liceum\/wp-content\/uploads\/2025\/04\/WhatsApp-Image-2025-04-30-at-14.38.15-2-300x225.jpeg\" alt=\"\" width=\"300\" height=\"225\" srcset=\"https:\/\/mieszko.edu.pl\/liceum\/wp-content\/uploads\/2025\/04\/WhatsApp-Image-2025-04-30-at-14.38.15-2-300x225.jpeg 300w, https:\/\/mieszko.edu.pl\/liceum\/wp-content\/uploads\/2025\/04\/WhatsApp-Image-2025-04-30-at-14.38.15-2-1024x768.jpeg 1024w, https:\/\/mieszko.edu.pl\/liceum\/wp-content\/uploads\/2025\/04\/WhatsApp-Image-2025-04-30-at-14.38.15-2-768x576.jpeg 768w, https:\/\/mieszko.edu.pl\/liceum\/wp-content\/uploads\/2025\/04\/WhatsApp-Image-2025-04-30-at-14.38.15-2-1536x1152.jpeg 1536w, https:\/\/mieszko.edu.pl\/liceum\/wp-content\/uploads\/2025\/04\/WhatsApp-Image-2025-04-30-at-14.38.15-2.jpeg 1600w\" sizes=\"auto, (max-width: 300px) 100vw, 300px\" \/><img loading=\"lazy\" decoding=\"async\" class=\"alignnone size-medium wp-image-3819\" src=\"https:\/\/mieszko.edu.pl\/liceum\/wp-content\/uploads\/2025\/04\/WhatsApp-Image-2025-04-30-at-14.38.15-6-300x207.jpeg\" alt=\"\" width=\"300\" height=\"207\" srcset=\"https:\/\/mieszko.edu.pl\/liceum\/wp-content\/uploads\/2025\/04\/WhatsApp-Image-2025-04-30-at-14.38.15-6-300x207.jpeg 300w, https:\/\/mieszko.edu.pl\/liceum\/wp-content\/uploads\/2025\/04\/WhatsApp-Image-2025-04-30-at-14.38.15-6-1024x707.jpeg 1024w, https:\/\/mieszko.edu.pl\/liceum\/wp-content\/uploads\/2025\/04\/WhatsApp-Image-2025-04-30-at-14.38.15-6-768x530.jpeg 768w, https:\/\/mieszko.edu.pl\/liceum\/wp-content\/uploads\/2025\/04\/WhatsApp-Image-2025-04-30-at-14.38.15-6-1536x1061.jpeg 1536w, https:\/\/mieszko.edu.pl\/liceum\/wp-content\/uploads\/2025\/04\/WhatsApp-Image-2025-04-30-at-14.38.15-6.jpeg 1600w\" sizes=\"auto, (max-width: 300px) 100vw, 300px\" \/><img loading=\"lazy\" decoding=\"async\" class=\"alignnone size-medium wp-image-3816\" src=\"https:\/\/mieszko.edu.pl\/liceum\/wp-content\/uploads\/2025\/04\/WhatsApp-Image-2025-04-30-at-14.38.15-3-300x225.jpeg\" alt=\"\" width=\"300\" height=\"225\" srcset=\"https:\/\/mieszko.edu.pl\/liceum\/wp-content\/uploads\/2025\/04\/WhatsApp-Image-2025-04-30-at-14.38.15-3-300x225.jpeg 300w, https:\/\/mieszko.edu.pl\/liceum\/wp-content\/uploads\/2025\/04\/WhatsApp-Image-2025-04-30-at-14.38.15-3-1024x768.jpeg 1024w, https:\/\/mieszko.edu.pl\/liceum\/wp-content\/uploads\/2025\/04\/WhatsApp-Image-2025-04-30-at-14.38.15-3-768x576.jpeg 768w, https:\/\/mieszko.edu.pl\/liceum\/wp-content\/uploads\/2025\/04\/WhatsApp-Image-2025-04-30-at-14.38.15-3-1536x1152.jpeg 1536w, https:\/\/mieszko.edu.pl\/liceum\/wp-content\/uploads\/2025\/04\/WhatsApp-Image-2025-04-30-at-14.38.15-3.jpeg 1600w\" sizes=\"auto, (max-width: 300px) 100vw, 300px\" \/><img loading=\"lazy\" decoding=\"async\" class=\"alignnone size-medium wp-image-3824\" src=\"https:\/\/mieszko.edu.pl\/liceum\/wp-content\/uploads\/2025\/04\/WhatsApp-Image-2025-04-30-at-14.38.16-1-300x225.jpeg\" alt=\"\" width=\"300\" height=\"225\" srcset=\"https:\/\/mieszko.edu.pl\/liceum\/wp-content\/uploads\/2025\/04\/WhatsApp-Image-2025-04-30-at-14.38.16-1-300x225.jpeg 300w, https:\/\/mieszko.edu.pl\/liceum\/wp-content\/uploads\/2025\/04\/WhatsApp-Image-2025-04-30-at-14.38.16-1-1024x768.jpeg 1024w, https:\/\/mieszko.edu.pl\/liceum\/wp-content\/uploads\/2025\/04\/WhatsApp-Image-2025-04-30-at-14.38.16-1-768x576.jpeg 768w, https:\/\/mieszko.edu.pl\/liceum\/wp-content\/uploads\/2025\/04\/WhatsApp-Image-2025-04-30-at-14.38.16-1-1536x1152.jpeg 1536w, https:\/\/mieszko.edu.pl\/liceum\/wp-content\/uploads\/2025\/04\/WhatsApp-Image-2025-04-30-at-14.38.16-1.jpeg 1600w\" sizes=\"auto, (max-width: 300px) 100vw, 300px\" \/><img loading=\"lazy\" decoding=\"async\" class=\"alignnone size-medium wp-image-3817\" src=\"https:\/\/mieszko.edu.pl\/liceum\/wp-content\/uploads\/2025\/04\/WhatsApp-Image-2025-04-30-at-14.38.15-4-300x225.jpeg\" alt=\"\" width=\"300\" height=\"225\" srcset=\"https:\/\/mieszko.edu.pl\/liceum\/wp-content\/uploads\/2025\/04\/WhatsApp-Image-2025-04-30-at-14.38.15-4-300x225.jpeg 300w, https:\/\/mieszko.edu.pl\/liceum\/wp-content\/uploads\/2025\/04\/WhatsApp-Image-2025-04-30-at-14.38.15-4-1024x768.jpeg 1024w, https:\/\/mieszko.edu.pl\/liceum\/wp-content\/uploads\/2025\/04\/WhatsApp-Image-2025-04-30-at-14.38.15-4-768x576.jpeg 768w, https:\/\/mieszko.edu.pl\/liceum\/wp-content\/uploads\/2025\/04\/WhatsApp-Image-2025-04-30-at-14.38.15-4-1536x1152.jpeg 1536w, https:\/\/mieszko.edu.pl\/liceum\/wp-content\/uploads\/2025\/04\/WhatsApp-Image-2025-04-30-at-14.38.15-4.jpeg 1600w\" sizes=\"auto, (max-width: 300px) 100vw, 300px\" \/><img loading=\"lazy\" decoding=\"async\" class=\"alignnone size-medium wp-image-3826\" src=\"https:\/\/mieszko.edu.pl\/liceum\/wp-content\/uploads\/2025\/04\/WhatsApp-Image-2025-04-30-at-14.38.16-3-300x225.jpeg\" alt=\"\" width=\"300\" height=\"225\" srcset=\"https:\/\/mieszko.edu.pl\/liceum\/wp-content\/uploads\/2025\/04\/WhatsApp-Image-2025-04-30-at-14.38.16-3-300x225.jpeg 300w, https:\/\/mieszko.edu.pl\/liceum\/wp-content\/uploads\/2025\/04\/WhatsApp-Image-2025-04-30-at-14.38.16-3-1024x768.jpeg 1024w, https:\/\/mieszko.edu.pl\/liceum\/wp-content\/uploads\/2025\/04\/WhatsApp-Image-2025-04-30-at-14.38.16-3-768x576.jpeg 768w, https:\/\/mieszko.edu.pl\/liceum\/wp-content\/uploads\/2025\/04\/WhatsApp-Image-2025-04-30-at-14.38.16-3-1536x1152.jpeg 1536w, https:\/\/mieszko.edu.pl\/liceum\/wp-content\/uploads\/2025\/04\/WhatsApp-Image-2025-04-30-at-14.38.16-3.jpeg 1600w\" sizes=\"auto, (max-width: 300px) 100vw, 300px\" \/><img loading=\"lazy\" decoding=\"async\" class=\"alignnone size-medium wp-image-3825\" src=\"https:\/\/mieszko.edu.pl\/liceum\/wp-content\/uploads\/2025\/04\/WhatsApp-Image-2025-04-30-at-14.38.16-2-300x125.jpeg\" alt=\"\" width=\"300\" height=\"125\" srcset=\"https:\/\/mieszko.edu.pl\/liceum\/wp-content\/uploads\/2025\/04\/WhatsApp-Image-2025-04-30-at-14.38.16-2-300x125.jpeg 300w, https:\/\/mieszko.edu.pl\/liceum\/wp-content\/uploads\/2025\/04\/WhatsApp-Image-2025-04-30-at-14.38.16-2-1024x425.jpeg 1024w, https:\/\/mieszko.edu.pl\/liceum\/wp-content\/uploads\/2025\/04\/WhatsApp-Image-2025-04-30-at-14.38.16-2-768x319.jpeg 768w, https:\/\/mieszko.edu.pl\/liceum\/wp-content\/uploads\/2025\/04\/WhatsApp-Image-2025-04-30-at-14.38.16-2-1536x637.jpeg 1536w, https:\/\/mieszko.edu.pl\/liceum\/wp-content\/uploads\/2025\/04\/WhatsApp-Image-2025-04-30-at-14.38.16-2.jpeg 1600w\" sizes=\"auto, (max-width: 300px) 100vw, 300px\" \/><\/p>\n","protected":false},"excerpt":{"rendered":"<p>25 kwietnia uroczy\u015bcie po\u017cegnali\u015bmy naszych licealist\u00f3w \u2013 wyj\u0105tkowych m\u0142odych ludzi, kt\u00f3rzy ju\u017c za chwil\u0119 zmierz\u0105 si\u0119 z egzaminem dojrza\u0142o\u015bci. Tegoroczne zako\u0144czenie mia\u0142o szczeg\u00f3lny charakter \u2013 maturzy\u015bci wyst\u0105pili w biretach i togach, co doda\u0142o wydarzeniu wyj\u0105tkowego klimatu i symboliki. Dzi\u0119kujemy za wsp\u00f3lne lata, u\u015bmiechy i wspomnienia. Trzymamy za Was kciuki na maturze i \u017cyczymy powodzenia w&#8230;<\/p>\n","protected":false},"author":19,"featured_media":0,"comment_status":"closed","ping_status":"closed","sticky":false,"template":"","format":"standard","meta":{"footnotes":""},"categories":[1],"tags":[],"class_list":["post-3810","post","type-post","status-publish","format-standard","hentry","category-bez-kategorii"],"_links":{"self":[{"href":"https:\/\/mieszko.edu.pl\/liceum\/wp-json\/wp\/v2\/posts\/3810","targetHints":{"allow":["GET"]}}],"collection":[{"href":"https:\/\/mieszko.edu.pl\/liceum\/wp-json\/wp\/v2\/posts"}],"about":[{"href":"https:\/\/mieszko.edu.pl\/liceum\/wp-json\/wp\/v2\/types\/post"}],"author":[{"embeddable":true,"href":"https:\/\/mieszko.edu.pl\/liceum\/wp-json\/wp\/v2\/users\/19"}],"replies":[{"embeddable":true,"href":"https:\/\/mieszko.edu.pl\/liceum\/wp-json\/wp\/v2\/comments?post=3810"}],"version-history":[{"count":1,"href":"https:\/\/mieszko.edu.pl\/liceum\/wp-json\/wp\/v2\/posts\/3810\/revisions"}],"predecessor-version":[{"id":3829,"href":"https:\/\/mieszko.edu.pl\/liceum\/wp-json\/wp\/v2\/posts\/3810\/revisions\/3829"}],"wp:attachment":[{"href":"https:\/\/mieszko.edu.pl\/liceum\/wp-json\/wp\/v2\/media?parent=3810"}],"wp:term":[{"taxonomy":"category","embeddable":true,"href":"https:\/\/mieszko.edu.pl\/liceum\/wp-json\/wp\/v2\/categories?post=3810"},{"taxonomy":"post_tag","embeddable":true,"href":"https:\/\/mieszko.edu.pl\/liceum\/wp-json\/wp\/v2\/tags?post=3810"}],"curies":[{"name":"wp","href":"https:\/\/api.w.org\/{rel}","templated":true}]}}