{"id":3831,"date":"2025-05-08T13:10:59","date_gmt":"2025-05-08T11:10:59","guid":{"rendered":"https:\/\/mieszko.edu.pl\/liceum\/?p=3831"},"modified":"2025-05-08T13:10:59","modified_gmt":"2025-05-08T11:10:59","slug":"matury-2025","status":"publish","type":"post","link":"https:\/\/mieszko.edu.pl\/liceum\/aktualnosci\/matury-2025\/","title":{"rendered":"Matury 2025"},"content":{"rendered":"<p style=\"font-weight: 400;\">W dniach od 5 maja do 23 maja 2025 w naszej szkole odbywaj\u0105 si\u0119 matury. W tym czasie, nasi uczniowie zdaj\u0105 przedmioty obowi\u0105zkowe oraz wybrane przedmioty na poziomie rozszerzonym, zgodnie z wcze\u015bniej ustalonym harmonogramem opracowanym przez Centraln\u0105 Komisj\u0119 Egzaminacyjn\u0105.<\/p>\n<p style=\"font-weight: 400;\">Maturzy\u015bci przyst\u0119puj\u0105 do obowi\u0105zkowych przedmiot\u00f3w, takich jak: j\u0119zyk polski, matematyka oraz j\u0119zyk obcy nowo\u017cytny. Opr\u00f3cz tego, mog\u0105 zdawa\u0107 przedmioty dodatkowe, kt\u00f3re zosta\u0142y wybrane wcze\u015bniej. Nasi liceali\u015bci wybrali: j\u0119zyk angielski, j\u0119zyk polski, histori\u0119, biologi\u0119 chemi\u0119, matematyk\u0119 czy geografi\u0119.<\/p>\n<p style=\"font-weight: 400;\">Naszym maturzystom \u017cyczymy powodzenia i trzymamy kciuki za ich sukcesy! To Wasz czas, aby wykaza\u0107 si\u0119 wiedz\u0105 i umiej\u0119tno\u015bciami zdobytymi przez lata nauki.<\/p>\n<p><img loading=\"lazy\" decoding=\"async\" class=\"alignnone size-medium wp-image-3832\" src=\"https:\/\/mieszko.edu.pl\/liceum\/wp-content\/uploads\/2025\/05\/WhatsApp-Image-2025-05-07-at-09.20.51-4-225x300.jpeg\" alt=\"\" width=\"225\" height=\"300\" srcset=\"https:\/\/mieszko.edu.pl\/liceum\/wp-content\/uploads\/2025\/05\/WhatsApp-Image-2025-05-07-at-09.20.51-4-225x300.jpeg 225w, https:\/\/mieszko.edu.pl\/liceum\/wp-content\/uploads\/2025\/05\/WhatsApp-Image-2025-05-07-at-09.20.51-4-768x1024.jpeg 768w, https:\/\/mieszko.edu.pl\/liceum\/wp-content\/uploads\/2025\/05\/WhatsApp-Image-2025-05-07-at-09.20.51-4-300x400.jpeg 300w, https:\/\/mieszko.edu.pl\/liceum\/wp-content\/uploads\/2025\/05\/WhatsApp-Image-2025-05-07-at-09.20.51-4-1152x1536.jpeg 1152w, https:\/\/mieszko.edu.pl\/liceum\/wp-content\/uploads\/2025\/05\/WhatsApp-Image-2025-05-07-at-09.20.51-4.jpeg 1200w\" sizes=\"auto, (max-width: 225px) 100vw, 225px\" \/> <img loading=\"lazy\" decoding=\"async\" class=\"alignnone size-medium wp-image-3834\" src=\"https:\/\/mieszko.edu.pl\/liceum\/wp-content\/uploads\/2025\/05\/WhatsApp-Image-2025-05-07-at-09.20.51-2-225x300.jpeg\" alt=\"\" width=\"225\" height=\"300\" srcset=\"https:\/\/mieszko.edu.pl\/liceum\/wp-content\/uploads\/2025\/05\/WhatsApp-Image-2025-05-07-at-09.20.51-2-225x300.jpeg 225w, https:\/\/mieszko.edu.pl\/liceum\/wp-content\/uploads\/2025\/05\/WhatsApp-Image-2025-05-07-at-09.20.51-2-768x1024.jpeg 768w, https:\/\/mieszko.edu.pl\/liceum\/wp-content\/uploads\/2025\/05\/WhatsApp-Image-2025-05-07-at-09.20.51-2-300x400.jpeg 300w, https:\/\/mieszko.edu.pl\/liceum\/wp-content\/uploads\/2025\/05\/WhatsApp-Image-2025-05-07-at-09.20.51-2-1152x1536.jpeg 1152w, https:\/\/mieszko.edu.pl\/liceum\/wp-content\/uploads\/2025\/05\/WhatsApp-Image-2025-05-07-at-09.20.51-2.jpeg 1200w\" sizes=\"auto, (max-width: 225px) 100vw, 225px\" \/> <img loading=\"lazy\" decoding=\"async\" class=\"alignnone size-medium wp-image-3835\" src=\"https:\/\/mieszko.edu.pl\/liceum\/wp-content\/uploads\/2025\/05\/WhatsApp-Image-2025-05-07-at-09.20.51-1-225x300.jpeg\" alt=\"\" width=\"225\" height=\"300\" srcset=\"https:\/\/mieszko.edu.pl\/liceum\/wp-content\/uploads\/2025\/05\/WhatsApp-Image-2025-05-07-at-09.20.51-1-225x300.jpeg 225w, https:\/\/mieszko.edu.pl\/liceum\/wp-content\/uploads\/2025\/05\/WhatsApp-Image-2025-05-07-at-09.20.51-1-768x1024.jpeg 768w, https:\/\/mieszko.edu.pl\/liceum\/wp-content\/uploads\/2025\/05\/WhatsApp-Image-2025-05-07-at-09.20.51-1-300x400.jpeg 300w, https:\/\/mieszko.edu.pl\/liceum\/wp-content\/uploads\/2025\/05\/WhatsApp-Image-2025-05-07-at-09.20.51-1-1152x1536.jpeg 1152w, https:\/\/mieszko.edu.pl\/liceum\/wp-content\/uploads\/2025\/05\/WhatsApp-Image-2025-05-07-at-09.20.51-1.jpeg 1200w\" sizes=\"auto, (max-width: 225px) 100vw, 225px\" \/> \u00a0<img loading=\"lazy\" decoding=\"async\" class=\"alignnone size-medium wp-image-3839\" src=\"https:\/\/mieszko.edu.pl\/liceum\/wp-content\/uploads\/2025\/05\/WhatsApp-Image-2025-05-07-at-09.12.20-300x225.jpeg\" alt=\"\" width=\"300\" height=\"225\" srcset=\"https:\/\/mieszko.edu.pl\/liceum\/wp-content\/uploads\/2025\/05\/WhatsApp-Image-2025-05-07-at-09.12.20-300x225.jpeg 300w, https:\/\/mieszko.edu.pl\/liceum\/wp-content\/uploads\/2025\/05\/WhatsApp-Image-2025-05-07-at-09.12.20-1024x768.jpeg 1024w, https:\/\/mieszko.edu.pl\/liceum\/wp-content\/uploads\/2025\/05\/WhatsApp-Image-2025-05-07-at-09.12.20-768x576.jpeg 768w, https:\/\/mieszko.edu.pl\/liceum\/wp-content\/uploads\/2025\/05\/WhatsApp-Image-2025-05-07-at-09.12.20-1536x1152.jpeg 1536w, https:\/\/mieszko.edu.pl\/liceum\/wp-content\/uploads\/2025\/05\/WhatsApp-Image-2025-05-07-at-09.12.20.jpeg 1600w\" sizes=\"auto, (max-width: 300px) 100vw, 300px\" \/><\/p>\n","protected":false},"excerpt":{"rendered":"<p>W dniach od 5 maja do 23 maja 2025 w naszej szkole odbywaj\u0105 si\u0119 matury. W tym czasie, nasi uczniowie zdaj\u0105 przedmioty obowi\u0105zkowe oraz wybrane przedmioty na poziomie rozszerzonym, zgodnie z wcze\u015bniej ustalonym harmonogramem opracowanym przez Centraln\u0105 Komisj\u0119 Egzaminacyjn\u0105. Maturzy\u015bci przyst\u0119puj\u0105 do obowi\u0105zkowych przedmiot\u00f3w, takich jak: j\u0119zyk polski, matematyka oraz j\u0119zyk obcy nowo\u017cytny. Opr\u00f3cz tego,&#8230;<\/p>\n","protected":false},"author":19,"featured_media":0,"comment_status":"closed","ping_status":"closed","sticky":false,"template":"","format":"standard","meta":{"footnotes":""},"categories":[1],"tags":[],"class_list":["post-3831","post","type-post","status-publish","format-standard","hentry","category-bez-kategorii"],"_links":{"self":[{"href":"https:\/\/mieszko.edu.pl\/liceum\/wp-json\/wp\/v2\/posts\/3831","targetHints":{"allow":["GET"]}}],"collection":[{"href":"https:\/\/mieszko.edu.pl\/liceum\/wp-json\/wp\/v2\/posts"}],"about":[{"href":"https:\/\/mieszko.edu.pl\/liceum\/wp-json\/wp\/v2\/types\/post"}],"author":[{"embeddable":true,"href":"https:\/\/mieszko.edu.pl\/liceum\/wp-json\/wp\/v2\/users\/19"}],"replies":[{"embeddable":true,"href":"https:\/\/mieszko.edu.pl\/liceum\/wp-json\/wp\/v2\/comments?post=3831"}],"version-history":[{"count":1,"href":"https:\/\/mieszko.edu.pl\/liceum\/wp-json\/wp\/v2\/posts\/3831\/revisions"}],"predecessor-version":[{"id":3840,"href":"https:\/\/mieszko.edu.pl\/liceum\/wp-json\/wp\/v2\/posts\/3831\/revisions\/3840"}],"wp:attachment":[{"href":"https:\/\/mieszko.edu.pl\/liceum\/wp-json\/wp\/v2\/media?parent=3831"}],"wp:term":[{"taxonomy":"category","embeddable":true,"href":"https:\/\/mieszko.edu.pl\/liceum\/wp-json\/wp\/v2\/categories?post=3831"},{"taxonomy":"post_tag","embeddable":true,"href":"https:\/\/mieszko.edu.pl\/liceum\/wp-json\/wp\/v2\/tags?post=3831"}],"curies":[{"name":"wp","href":"https:\/\/api.w.org\/{rel}","templated":true}]}}