{"id":3842,"date":"2025-05-12T14:41:09","date_gmt":"2025-05-12T12:41:09","guid":{"rendered":"https:\/\/mieszko.edu.pl\/liceum\/?p=3842"},"modified":"2025-05-12T14:41:09","modified_gmt":"2025-05-12T12:41:09","slug":"nasz-nauczyciel-na-festiwalu-moment","status":"publish","type":"post","link":"https:\/\/mieszko.edu.pl\/liceum\/aktualnosci\/nasz-nauczyciel-na-festiwalu-moment\/","title":{"rendered":"Nasz nauczyciel na Festiwalu Moment!\u00a0"},"content":{"rendered":"<div class=\"xdj266r x11i5rnm xat24cr x1mh8g0r x1vvkbs x126k92a\">\n<div dir=\"auto\">Z dum\u0105 informujemy, \u017ce pan Przybyrad Paszyn \u2013 nauczyciel naszej szko\u0142y \u2013 poprowadzi\u0142 wyj\u0105tkowe warsztaty fotograficzne podczas fina\u0142owego dnia Festiwalu Moment! Uczestnicy mieli okazj\u0119 pozna\u0107 technik\u0119 mokrego kolodionu, pracowa\u0107 w czerwonym \u015bwietle ciemni oraz u\u017cywa\u0107 zabytkowych aparat\u00f3w fotograficznych.<\/div>\n<\/div>\n<div class=\"x11i5rnm xat24cr x1mh8g0r x1vvkbs xtlvy1s x126k92a\">\n<div dir=\"auto\">Na co dzie\u0144 pan Przybyrad dzieli si\u0119 swoj\u0105 pasj\u0105 r\u00f3wnie\u017c z uczniami naszej szko\u0142y, prowadz\u0105c dodatkowe zaj\u0119cia fotograficzne. To prawdziwy zaszczyt mie\u0107 w gronie pedagogicznym osob\u0119 z tak\u0105 energi\u0105, zaanga\u017cowaniem i sercem do sztuki!<\/div>\n<\/div>\n<div class=\"x11i5rnm xat24cr x1mh8g0r x1vvkbs xtlvy1s x126k92a\">\n<div dir=\"auto\">Gratulujemy i z niecierpliwo\u015bci\u0105 czekamy na kolejne inspiruj\u0105ce dzia\u0142ania!<\/div>\n<div dir=\"auto\"><\/div>\n<div dir=\"auto\"><span class=\"_fadeIn_m1hgl_8\">Fot. <\/span><span class=\"_fadeIn_m1hgl_8\">Mateusz <\/span><span class=\"_fadeIn_m1hgl_8\">Blatkiewicz \/ <\/span><span class=\"_fadeIn_m1hgl_8\">Moment.festiwal (<\/span><span class=\"_fadeIn_m1hgl_8\">Facebook)<\/span><\/div>\n<div dir=\"auto\"><\/div>\n<div dir=\"auto\"><img loading=\"lazy\" decoding=\"async\" class=\"alignnone size-medium wp-image-3843\" src=\"https:\/\/mieszko.edu.pl\/liceum\/wp-content\/uploads\/2025\/05\/494230293_122202464288250969_1553689188940966203_n-300x200.jpg\" alt=\"\" width=\"300\" height=\"200\" srcset=\"https:\/\/mieszko.edu.pl\/liceum\/wp-content\/uploads\/2025\/05\/494230293_122202464288250969_1553689188940966203_n-300x200.jpg 300w, https:\/\/mieszko.edu.pl\/liceum\/wp-content\/uploads\/2025\/05\/494230293_122202464288250969_1553689188940966203_n-1024x684.jpg 1024w, https:\/\/mieszko.edu.pl\/liceum\/wp-content\/uploads\/2025\/05\/494230293_122202464288250969_1553689188940966203_n-768x513.jpg 768w, https:\/\/mieszko.edu.pl\/liceum\/wp-content\/uploads\/2025\/05\/494230293_122202464288250969_1553689188940966203_n-391x260.jpg 391w, https:\/\/mieszko.edu.pl\/liceum\/wp-content\/uploads\/2025\/05\/494230293_122202464288250969_1553689188940966203_n-1536x1025.jpg 1536w, https:\/\/mieszko.edu.pl\/liceum\/wp-content\/uploads\/2025\/05\/494230293_122202464288250969_1553689188940966203_n.jpg 2048w\" sizes=\"auto, (max-width: 300px) 100vw, 300px\" \/>\u00a0<img loading=\"lazy\" decoding=\"async\" class=\"alignnone size-medium wp-image-3845\" src=\"https:\/\/mieszko.edu.pl\/liceum\/wp-content\/uploads\/2025\/05\/492819952_122202464222250969_5113266805947484724_n-300x200.jpg\" alt=\"\" width=\"300\" height=\"200\" srcset=\"https:\/\/mieszko.edu.pl\/liceum\/wp-content\/uploads\/2025\/05\/492819952_122202464222250969_5113266805947484724_n-300x200.jpg 300w, https:\/\/mieszko.edu.pl\/liceum\/wp-content\/uploads\/2025\/05\/492819952_122202464222250969_5113266805947484724_n-1024x684.jpg 1024w, https:\/\/mieszko.edu.pl\/liceum\/wp-content\/uploads\/2025\/05\/492819952_122202464222250969_5113266805947484724_n-768x513.jpg 768w, https:\/\/mieszko.edu.pl\/liceum\/wp-content\/uploads\/2025\/05\/492819952_122202464222250969_5113266805947484724_n-391x260.jpg 391w, https:\/\/mieszko.edu.pl\/liceum\/wp-content\/uploads\/2025\/05\/492819952_122202464222250969_5113266805947484724_n-1536x1025.jpg 1536w, https:\/\/mieszko.edu.pl\/liceum\/wp-content\/uploads\/2025\/05\/492819952_122202464222250969_5113266805947484724_n.jpg 2048w\" sizes=\"auto, (max-width: 300px) 100vw, 300px\" \/><img loading=\"lazy\" decoding=\"async\" class=\"alignnone size-medium wp-image-3844\" src=\"https:\/\/mieszko.edu.pl\/liceum\/wp-content\/uploads\/2025\/05\/495022658_122202464168250969_8872285496280315270_n-200x300.jpg\" alt=\"\" width=\"200\" height=\"300\" srcset=\"https:\/\/mieszko.edu.pl\/liceum\/wp-content\/uploads\/2025\/05\/495022658_122202464168250969_8872285496280315270_n-200x300.jpg 200w, https:\/\/mieszko.edu.pl\/liceum\/wp-content\/uploads\/2025\/05\/495022658_122202464168250969_8872285496280315270_n-684x1024.jpg 684w, https:\/\/mieszko.edu.pl\/liceum\/wp-content\/uploads\/2025\/05\/495022658_122202464168250969_8872285496280315270_n-768x1151.jpg 768w, https:\/\/mieszko.edu.pl\/liceum\/wp-content\/uploads\/2025\/05\/495022658_122202464168250969_8872285496280315270_n-1025x1536.jpg 1025w, https:\/\/mieszko.edu.pl\/liceum\/wp-content\/uploads\/2025\/05\/495022658_122202464168250969_8872285496280315270_n.jpg 1367w\" sizes=\"auto, (max-width: 200px) 100vw, 200px\" \/><\/div>\n<\/div>\n","protected":false},"excerpt":{"rendered":"<p>Z dum\u0105 informujemy, \u017ce pan Przybyrad Paszyn \u2013 nauczyciel naszej szko\u0142y \u2013 poprowadzi\u0142 wyj\u0105tkowe warsztaty fotograficzne podczas fina\u0142owego dnia Festiwalu Moment! Uczestnicy mieli okazj\u0119 pozna\u0107 technik\u0119 mokrego kolodionu, pracowa\u0107 w czerwonym \u015bwietle ciemni oraz u\u017cywa\u0107 zabytkowych aparat\u00f3w fotograficznych. Na co dzie\u0144 pan Przybyrad dzieli si\u0119 swoj\u0105 pasj\u0105 r\u00f3wnie\u017c z uczniami naszej szko\u0142y, prowadz\u0105c dodatkowe zaj\u0119cia&#8230;<\/p>\n","protected":false},"author":19,"featured_media":0,"comment_status":"closed","ping_status":"closed","sticky":false,"template":"","format":"standard","meta":{"footnotes":""},"categories":[1],"tags":[],"class_list":["post-3842","post","type-post","status-publish","format-standard","hentry","category-bez-kategorii"],"_links":{"self":[{"href":"https:\/\/mieszko.edu.pl\/liceum\/wp-json\/wp\/v2\/posts\/3842","targetHints":{"allow":["GET"]}}],"collection":[{"href":"https:\/\/mieszko.edu.pl\/liceum\/wp-json\/wp\/v2\/posts"}],"about":[{"href":"https:\/\/mieszko.edu.pl\/liceum\/wp-json\/wp\/v2\/types\/post"}],"author":[{"embeddable":true,"href":"https:\/\/mieszko.edu.pl\/liceum\/wp-json\/wp\/v2\/users\/19"}],"replies":[{"embeddable":true,"href":"https:\/\/mieszko.edu.pl\/liceum\/wp-json\/wp\/v2\/comments?post=3842"}],"version-history":[{"count":3,"href":"https:\/\/mieszko.edu.pl\/liceum\/wp-json\/wp\/v2\/posts\/3842\/revisions"}],"predecessor-version":[{"id":3848,"href":"https:\/\/mieszko.edu.pl\/liceum\/wp-json\/wp\/v2\/posts\/3842\/revisions\/3848"}],"wp:attachment":[{"href":"https:\/\/mieszko.edu.pl\/liceum\/wp-json\/wp\/v2\/media?parent=3842"}],"wp:term":[{"taxonomy":"category","embeddable":true,"href":"https:\/\/mieszko.edu.pl\/liceum\/wp-json\/wp\/v2\/categories?post=3842"},{"taxonomy":"post_tag","embeddable":true,"href":"https:\/\/mieszko.edu.pl\/liceum\/wp-json\/wp\/v2\/tags?post=3842"}],"curies":[{"name":"wp","href":"https:\/\/api.w.org\/{rel}","templated":true}]}}