{"id":3857,"date":"2025-06-23T14:09:10","date_gmt":"2025-06-23T12:09:10","guid":{"rendered":"https:\/\/mieszko.edu.pl\/liceum\/?p=3857"},"modified":"2025-06-23T14:09:10","modified_gmt":"2025-06-23T12:09:10","slug":"aleksandra-szmyt-finalistka-konkursu-wiedzy-o-1000-leciu-koronacji-pierwszych-krolow-polski","status":"publish","type":"post","link":"https:\/\/mieszko.edu.pl\/liceum\/aktualnosci\/aleksandra-szmyt-finalistka-konkursu-wiedzy-o-1000-leciu-koronacji-pierwszych-krolow-polski\/","title":{"rendered":"Aleksandra Szmyt finalistk\u0105 Konkursu Wiedzy o 1000-leciu Koronacji Pierwszych Kr\u00f3l\u00f3w Polski"},"content":{"rendered":"<p data-start=\"97\" data-end=\"249\">Z dum\u0105 informujemy, \u017ce nasza uczennica Aleksandra Szmyt z klasy II zosta\u0142a finalistk\u0105 Konkursu Wiedzy o 1000-leciu Koronacji Pierwszych Kr\u00f3l\u00f3w Polski.<\/p>\n<p data-start=\"251\" data-end=\"375\">Uroczysto\u015b\u0107 wr\u0119czenia nagr\u00f3d odby\u0142a si\u0119 w pi\u0105tek 13 czerwca w Urz\u0119dzie Marsza\u0142kowskim podczas sesji M\u0142odzie\u017cowego Sejmiku.<\/p>\n<p data-start=\"377\" data-end=\"469\" data-is-last-node=\"\" data-is-only-node=\"\">Serdeczne gratulacje dla naszej uczennicy za imponuj\u0105c\u0105 wiedz\u0119, pasj\u0119 i historycznego ducha.<\/p>\n<p data-start=\"377\" data-end=\"469\" data-is-last-node=\"\" data-is-only-node=\"\"><img loading=\"lazy\" decoding=\"async\" class=\"alignnone size-medium wp-image-3856\" src=\"https:\/\/mieszko.edu.pl\/liceum\/wp-content\/uploads\/2025\/06\/IMG_9955-225x300.jpg\" alt=\"\" width=\"225\" height=\"300\" srcset=\"https:\/\/mieszko.edu.pl\/liceum\/wp-content\/uploads\/2025\/06\/IMG_9955-225x300.jpg 225w, https:\/\/mieszko.edu.pl\/liceum\/wp-content\/uploads\/2025\/06\/IMG_9955-768x1024.jpg 768w, https:\/\/mieszko.edu.pl\/liceum\/wp-content\/uploads\/2025\/06\/IMG_9955-1152x1536.jpg 1152w, https:\/\/mieszko.edu.pl\/liceum\/wp-content\/uploads\/2025\/06\/IMG_9955.jpg 1200w\" sizes=\"auto, (max-width: 225px) 100vw, 225px\" \/><\/p>\n","protected":false},"excerpt":{"rendered":"<p>Z dum\u0105 informujemy, \u017ce nasza uczennica Aleksandra Szmyt z klasy II zosta\u0142a finalistk\u0105 Konkursu Wiedzy o 1000-leciu Koronacji Pierwszych Kr\u00f3l\u00f3w Polski. Uroczysto\u015b\u0107 wr\u0119czenia nagr\u00f3d odby\u0142a si\u0119 w pi\u0105tek 13 czerwca w Urz\u0119dzie Marsza\u0142kowskim podczas sesji M\u0142odzie\u017cowego Sejmiku. Serdeczne gratulacje dla naszej uczennicy za imponuj\u0105c\u0105 wiedz\u0119, pasj\u0119 i historycznego ducha.<\/p>\n","protected":false},"author":19,"featured_media":0,"comment_status":"closed","ping_status":"closed","sticky":false,"template":"","format":"standard","meta":{"footnotes":""},"categories":[1],"tags":[],"class_list":["post-3857","post","type-post","status-publish","format-standard","hentry","category-bez-kategorii"],"_links":{"self":[{"href":"https:\/\/mieszko.edu.pl\/liceum\/wp-json\/wp\/v2\/posts\/3857","targetHints":{"allow":["GET"]}}],"collection":[{"href":"https:\/\/mieszko.edu.pl\/liceum\/wp-json\/wp\/v2\/posts"}],"about":[{"href":"https:\/\/mieszko.edu.pl\/liceum\/wp-json\/wp\/v2\/types\/post"}],"author":[{"embeddable":true,"href":"https:\/\/mieszko.edu.pl\/liceum\/wp-json\/wp\/v2\/users\/19"}],"replies":[{"embeddable":true,"href":"https:\/\/mieszko.edu.pl\/liceum\/wp-json\/wp\/v2\/comments?post=3857"}],"version-history":[{"count":1,"href":"https:\/\/mieszko.edu.pl\/liceum\/wp-json\/wp\/v2\/posts\/3857\/revisions"}],"predecessor-version":[{"id":3858,"href":"https:\/\/mieszko.edu.pl\/liceum\/wp-json\/wp\/v2\/posts\/3857\/revisions\/3858"}],"wp:attachment":[{"href":"https:\/\/mieszko.edu.pl\/liceum\/wp-json\/wp\/v2\/media?parent=3857"}],"wp:term":[{"taxonomy":"category","embeddable":true,"href":"https:\/\/mieszko.edu.pl\/liceum\/wp-json\/wp\/v2\/categories?post=3857"},{"taxonomy":"post_tag","embeddable":true,"href":"https:\/\/mieszko.edu.pl\/liceum\/wp-json\/wp\/v2\/tags?post=3857"}],"curies":[{"name":"wp","href":"https:\/\/api.w.org\/{rel}","templated":true}]}}