{"id":3859,"date":"2025-06-23T14:11:32","date_gmt":"2025-06-23T12:11:32","guid":{"rendered":"https:\/\/mieszko.edu.pl\/liceum\/?p=3859"},"modified":"2025-06-23T14:11:32","modified_gmt":"2025-06-23T12:11:32","slug":"zakonczenie-roku-szkolnego-2024-2025","status":"publish","type":"post","link":"https:\/\/mieszko.edu.pl\/liceum\/aktualnosci\/zakonczenie-roku-szkolnego-2024-2025\/","title":{"rendered":"Zako\u0144czenie roku szkolnego 2024\/2025"},"content":{"rendered":"<p data-start=\"37\" data-end=\"213\">Drodzy Uczniowie i Nauczyciele,<br data-start=\"68\" data-end=\"71\" \/>serdecznie zapraszamy na uroczyste zako\u0144czenie roku szkolnego, kt\u00f3re odb\u0119dzie si\u0119 w pi\u0105tek, 27 czerwca o godzinie 12:00 na sali gimnastycznej.<\/p>\n<p data-start=\"215\" data-end=\"324\" data-is-last-node=\"\" data-is-only-node=\"\">To wa\u017cny moment podsumowania ca\u0142orocznej pracy i wsp\u00f3lnego zamkni\u0119cia kolejnego etapu nauki.<br data-start=\"307\" data-end=\"310\" \/>Do zobaczenia.<\/p>\n","protected":false},"excerpt":{"rendered":"<p>Drodzy Uczniowie i Nauczyciele,serdecznie zapraszamy na uroczyste zako\u0144czenie roku szkolnego, kt\u00f3re odb\u0119dzie si\u0119 w pi\u0105tek, 27 czerwca o godzinie 12:00 na sali gimnastycznej. To wa\u017cny moment podsumowania ca\u0142orocznej pracy i wsp\u00f3lnego zamkni\u0119cia kolejnego etapu nauki.Do zobaczenia.<\/p>\n","protected":false},"author":19,"featured_media":0,"comment_status":"closed","ping_status":"closed","sticky":false,"template":"","format":"standard","meta":{"footnotes":""},"categories":[1],"tags":[],"class_list":["post-3859","post","type-post","status-publish","format-standard","hentry","category-bez-kategorii"],"_links":{"self":[{"href":"https:\/\/mieszko.edu.pl\/liceum\/wp-json\/wp\/v2\/posts\/3859","targetHints":{"allow":["GET"]}}],"collection":[{"href":"https:\/\/mieszko.edu.pl\/liceum\/wp-json\/wp\/v2\/posts"}],"about":[{"href":"https:\/\/mieszko.edu.pl\/liceum\/wp-json\/wp\/v2\/types\/post"}],"author":[{"embeddable":true,"href":"https:\/\/mieszko.edu.pl\/liceum\/wp-json\/wp\/v2\/users\/19"}],"replies":[{"embeddable":true,"href":"https:\/\/mieszko.edu.pl\/liceum\/wp-json\/wp\/v2\/comments?post=3859"}],"version-history":[{"count":1,"href":"https:\/\/mieszko.edu.pl\/liceum\/wp-json\/wp\/v2\/posts\/3859\/revisions"}],"predecessor-version":[{"id":3860,"href":"https:\/\/mieszko.edu.pl\/liceum\/wp-json\/wp\/v2\/posts\/3859\/revisions\/3860"}],"wp:attachment":[{"href":"https:\/\/mieszko.edu.pl\/liceum\/wp-json\/wp\/v2\/media?parent=3859"}],"wp:term":[{"taxonomy":"category","embeddable":true,"href":"https:\/\/mieszko.edu.pl\/liceum\/wp-json\/wp\/v2\/categories?post=3859"},{"taxonomy":"post_tag","embeddable":true,"href":"https:\/\/mieszko.edu.pl\/liceum\/wp-json\/wp\/v2\/tags?post=3859"}],"curies":[{"name":"wp","href":"https:\/\/api.w.org\/{rel}","templated":true}]}}