{"id":3875,"date":"2025-07-02T10:37:11","date_gmt":"2025-07-02T08:37:11","guid":{"rendered":"https:\/\/mieszko.edu.pl\/liceum\/?p=3875"},"modified":"2025-07-02T10:37:11","modified_gmt":"2025-07-02T08:37:11","slug":"zakonczenie-roku-szkolnego-2024-2025-2","status":"publish","type":"post","link":"https:\/\/mieszko.edu.pl\/liceum\/aktualnosci\/zakonczenie-roku-szkolnego-2024-2025-2\/","title":{"rendered":"Zako\u0144czenie roku szkolnego 2024\/2025"},"content":{"rendered":"<p data-start=\"55\" data-end=\"280\">27 czerwca w naszej szkole odby\u0142o si\u0119 uroczyste zako\u0144czenie roku szkolnego \u2013 wyj\u0105tkowe i pe\u0142ne emocji wydarzenie. Zako\u0144czyli\u015bmy kolejny rok wsp\u00f3lnej nauki, wyzwa\u0144 i sukces\u00f3w, a uczniowie z rado\u015bci\u0105 powitali zas\u0142u\u017cone wakacje.<\/p>\n<p data-start=\"282\" data-end=\"610\">To zako\u0144czenie by\u0142o jednak szczeg\u00f3lne. Po latach oddanej pracy \u017cegnamy nasz\u0105 Dyrekcj\u0119 \u2013 pana Romana Misa oraz pani\u0105 Mari\u0119 Zaremb\u0119-\u015alachciak. Dzi\u0119kujemy za lata pe\u0142ne zaanga\u017cowania, m\u0105drego prowadzenia szko\u0142y, troski o uczni\u00f3w i wsparcia dla nauczycieli. Wasza obecno\u015b\u0107 na zawsze pozostanie w sercach ca\u0142ej spo\u0142eczno\u015bci szkolnej.<\/p>\n<p data-start=\"612\" data-end=\"747\">\u017byczymy spokojnych, pe\u0142nych rado\u015bci i zas\u0142u\u017conego odpoczynku wakacji wszystkim uczniom, rodzicom, nauczycielom oraz pracownikom szko\u0142y.<\/p>\n<p data-start=\"749\" data-end=\"775\" data-is-last-node=\"\" data-is-only-node=\"\">Do zobaczenia we wrze\u015bniu!<\/p>\n<p data-start=\"749\" data-end=\"775\" data-is-last-node=\"\" data-is-only-node=\"\"><img loading=\"lazy\" decoding=\"async\" class=\"alignnone size-medium wp-image-3880\" src=\"https:\/\/mieszko.edu.pl\/liceum\/wp-content\/uploads\/2025\/07\/WhatsApp-Image-2025-07-02-at-10.34.50-234x300.jpeg\" alt=\"\" width=\"234\" height=\"300\" srcset=\"https:\/\/mieszko.edu.pl\/liceum\/wp-content\/uploads\/2025\/07\/WhatsApp-Image-2025-07-02-at-10.34.50-234x300.jpeg 234w, https:\/\/mieszko.edu.pl\/liceum\/wp-content\/uploads\/2025\/07\/WhatsApp-Image-2025-07-02-at-10.34.50-799x1024.jpeg 799w, https:\/\/mieszko.edu.pl\/liceum\/wp-content\/uploads\/2025\/07\/WhatsApp-Image-2025-07-02-at-10.34.50-768x984.jpeg 768w, https:\/\/mieszko.edu.pl\/liceum\/wp-content\/uploads\/2025\/07\/WhatsApp-Image-2025-07-02-at-10.34.50-1199x1536.jpeg 1199w, https:\/\/mieszko.edu.pl\/liceum\/wp-content\/uploads\/2025\/07\/WhatsApp-Image-2025-07-02-at-10.34.50.jpeg 1598w\" sizes=\"auto, (max-width: 234px) 100vw, 234px\" \/> <img loading=\"lazy\" decoding=\"async\" class=\"alignnone size-medium wp-image-3881\" src=\"https:\/\/mieszko.edu.pl\/liceum\/wp-content\/uploads\/2025\/07\/WhatsApp-Image-2025-07-02-at-10.34.51-1-300x225.jpeg\" alt=\"\" width=\"300\" height=\"225\" srcset=\"https:\/\/mieszko.edu.pl\/liceum\/wp-content\/uploads\/2025\/07\/WhatsApp-Image-2025-07-02-at-10.34.51-1-300x225.jpeg 300w, https:\/\/mieszko.edu.pl\/liceum\/wp-content\/uploads\/2025\/07\/WhatsApp-Image-2025-07-02-at-10.34.51-1-1024x768.jpeg 1024w, https:\/\/mieszko.edu.pl\/liceum\/wp-content\/uploads\/2025\/07\/WhatsApp-Image-2025-07-02-at-10.34.51-1-768x576.jpeg 768w, https:\/\/mieszko.edu.pl\/liceum\/wp-content\/uploads\/2025\/07\/WhatsApp-Image-2025-07-02-at-10.34.51-1-1536x1152.jpeg 1536w, https:\/\/mieszko.edu.pl\/liceum\/wp-content\/uploads\/2025\/07\/WhatsApp-Image-2025-07-02-at-10.34.51-1.jpeg 2048w\" sizes=\"auto, (max-width: 300px) 100vw, 300px\" \/> <img loading=\"lazy\" decoding=\"async\" class=\"alignnone size-medium wp-image-3882\" src=\"https:\/\/mieszko.edu.pl\/liceum\/wp-content\/uploads\/2025\/07\/WhatsApp-Image-2025-07-02-at-10.34.51-2-300x225.jpeg\" alt=\"\" width=\"300\" height=\"225\" srcset=\"https:\/\/mieszko.edu.pl\/liceum\/wp-content\/uploads\/2025\/07\/WhatsApp-Image-2025-07-02-at-10.34.51-2-300x225.jpeg 300w, https:\/\/mieszko.edu.pl\/liceum\/wp-content\/uploads\/2025\/07\/WhatsApp-Image-2025-07-02-at-10.34.51-2-1024x768.jpeg 1024w, https:\/\/mieszko.edu.pl\/liceum\/wp-content\/uploads\/2025\/07\/WhatsApp-Image-2025-07-02-at-10.34.51-2-768x576.jpeg 768w, https:\/\/mieszko.edu.pl\/liceum\/wp-content\/uploads\/2025\/07\/WhatsApp-Image-2025-07-02-at-10.34.51-2-1536x1152.jpeg 1536w, https:\/\/mieszko.edu.pl\/liceum\/wp-content\/uploads\/2025\/07\/WhatsApp-Image-2025-07-02-at-10.34.51-2.jpeg 2048w\" sizes=\"auto, (max-width: 300px) 100vw, 300px\" \/> <img loading=\"lazy\" decoding=\"async\" class=\"alignnone size-medium wp-image-3883\" src=\"https:\/\/mieszko.edu.pl\/liceum\/wp-content\/uploads\/2025\/07\/WhatsApp-Image-2025-07-02-at-10.34.51-3-300x247.jpeg\" alt=\"\" width=\"300\" height=\"247\" srcset=\"https:\/\/mieszko.edu.pl\/liceum\/wp-content\/uploads\/2025\/07\/WhatsApp-Image-2025-07-02-at-10.34.51-3-300x247.jpeg 300w, https:\/\/mieszko.edu.pl\/liceum\/wp-content\/uploads\/2025\/07\/WhatsApp-Image-2025-07-02-at-10.34.51-3-1024x844.jpeg 1024w, https:\/\/mieszko.edu.pl\/liceum\/wp-content\/uploads\/2025\/07\/WhatsApp-Image-2025-07-02-at-10.34.51-3-768x633.jpeg 768w, https:\/\/mieszko.edu.pl\/liceum\/wp-content\/uploads\/2025\/07\/WhatsApp-Image-2025-07-02-at-10.34.51-3-1536x1265.jpeg 1536w, https:\/\/mieszko.edu.pl\/liceum\/wp-content\/uploads\/2025\/07\/WhatsApp-Image-2025-07-02-at-10.34.51-3.jpeg 2048w\" sizes=\"auto, (max-width: 300px) 100vw, 300px\" \/> <img loading=\"lazy\" decoding=\"async\" class=\"alignnone size-medium wp-image-3884\" src=\"https:\/\/mieszko.edu.pl\/liceum\/wp-content\/uploads\/2025\/07\/WhatsApp-Image-2025-07-02-at-10.34.51-4-300x225.jpeg\" alt=\"\" width=\"300\" height=\"225\" srcset=\"https:\/\/mieszko.edu.pl\/liceum\/wp-content\/uploads\/2025\/07\/WhatsApp-Image-2025-07-02-at-10.34.51-4-300x225.jpeg 300w, https:\/\/mieszko.edu.pl\/liceum\/wp-content\/uploads\/2025\/07\/WhatsApp-Image-2025-07-02-at-10.34.51-4-1024x768.jpeg 1024w, https:\/\/mieszko.edu.pl\/liceum\/wp-content\/uploads\/2025\/07\/WhatsApp-Image-2025-07-02-at-10.34.51-4-768x576.jpeg 768w, https:\/\/mieszko.edu.pl\/liceum\/wp-content\/uploads\/2025\/07\/WhatsApp-Image-2025-07-02-at-10.34.51-4-1536x1152.jpeg 1536w, https:\/\/mieszko.edu.pl\/liceum\/wp-content\/uploads\/2025\/07\/WhatsApp-Image-2025-07-02-at-10.34.51-4.jpeg 2048w\" sizes=\"auto, (max-width: 300px) 100vw, 300px\" \/> <img loading=\"lazy\" decoding=\"async\" class=\"alignnone size-medium wp-image-3885\" src=\"https:\/\/mieszko.edu.pl\/liceum\/wp-content\/uploads\/2025\/07\/WhatsApp-Image-2025-07-02-at-10.34.51-5-300x225.jpeg\" alt=\"\" width=\"300\" height=\"225\" srcset=\"https:\/\/mieszko.edu.pl\/liceum\/wp-content\/uploads\/2025\/07\/WhatsApp-Image-2025-07-02-at-10.34.51-5-300x225.jpeg 300w, https:\/\/mieszko.edu.pl\/liceum\/wp-content\/uploads\/2025\/07\/WhatsApp-Image-2025-07-02-at-10.34.51-5-1024x768.jpeg 1024w, https:\/\/mieszko.edu.pl\/liceum\/wp-content\/uploads\/2025\/07\/WhatsApp-Image-2025-07-02-at-10.34.51-5-768x576.jpeg 768w, https:\/\/mieszko.edu.pl\/liceum\/wp-content\/uploads\/2025\/07\/WhatsApp-Image-2025-07-02-at-10.34.51-5-1536x1152.jpeg 1536w, https:\/\/mieszko.edu.pl\/liceum\/wp-content\/uploads\/2025\/07\/WhatsApp-Image-2025-07-02-at-10.34.51-5.jpeg 2048w\" sizes=\"auto, (max-width: 300px) 100vw, 300px\" \/> <img loading=\"lazy\" decoding=\"async\" class=\"alignnone size-medium wp-image-3886\" src=\"https:\/\/mieszko.edu.pl\/liceum\/wp-content\/uploads\/2025\/07\/WhatsApp-Image-2025-07-02-at-10.34.51-300x225.jpeg\" alt=\"\" width=\"300\" height=\"225\" srcset=\"https:\/\/mieszko.edu.pl\/liceum\/wp-content\/uploads\/2025\/07\/WhatsApp-Image-2025-07-02-at-10.34.51-300x225.jpeg 300w, https:\/\/mieszko.edu.pl\/liceum\/wp-content\/uploads\/2025\/07\/WhatsApp-Image-2025-07-02-at-10.34.51-1024x768.jpeg 1024w, https:\/\/mieszko.edu.pl\/liceum\/wp-content\/uploads\/2025\/07\/WhatsApp-Image-2025-07-02-at-10.34.51-768x576.jpeg 768w, https:\/\/mieszko.edu.pl\/liceum\/wp-content\/uploads\/2025\/07\/WhatsApp-Image-2025-07-02-at-10.34.51-1536x1152.jpeg 1536w, https:\/\/mieszko.edu.pl\/liceum\/wp-content\/uploads\/2025\/07\/WhatsApp-Image-2025-07-02-at-10.34.51.jpeg 2048w\" sizes=\"auto, (max-width: 300px) 100vw, 300px\" \/><\/p>\n","protected":false},"excerpt":{"rendered":"<p>27 czerwca w naszej szkole odby\u0142o si\u0119 uroczyste zako\u0144czenie roku szkolnego \u2013 wyj\u0105tkowe i pe\u0142ne emocji wydarzenie. Zako\u0144czyli\u015bmy kolejny rok wsp\u00f3lnej nauki, wyzwa\u0144 i sukces\u00f3w, a uczniowie z rado\u015bci\u0105 powitali zas\u0142u\u017cone wakacje. To zako\u0144czenie by\u0142o jednak szczeg\u00f3lne. Po latach oddanej pracy \u017cegnamy nasz\u0105 Dyrekcj\u0119 \u2013 pana Romana Misa oraz pani\u0105 Mari\u0119 Zaremb\u0119-\u015alachciak. Dzi\u0119kujemy za lata&#8230;<\/p>\n","protected":false},"author":19,"featured_media":0,"comment_status":"closed","ping_status":"closed","sticky":false,"template":"","format":"standard","meta":{"footnotes":""},"categories":[1],"tags":[],"class_list":["post-3875","post","type-post","status-publish","format-standard","hentry","category-bez-kategorii"],"_links":{"self":[{"href":"https:\/\/mieszko.edu.pl\/liceum\/wp-json\/wp\/v2\/posts\/3875","targetHints":{"allow":["GET"]}}],"collection":[{"href":"https:\/\/mieszko.edu.pl\/liceum\/wp-json\/wp\/v2\/posts"}],"about":[{"href":"https:\/\/mieszko.edu.pl\/liceum\/wp-json\/wp\/v2\/types\/post"}],"author":[{"embeddable":true,"href":"https:\/\/mieszko.edu.pl\/liceum\/wp-json\/wp\/v2\/users\/19"}],"replies":[{"embeddable":true,"href":"https:\/\/mieszko.edu.pl\/liceum\/wp-json\/wp\/v2\/comments?post=3875"}],"version-history":[{"count":1,"href":"https:\/\/mieszko.edu.pl\/liceum\/wp-json\/wp\/v2\/posts\/3875\/revisions"}],"predecessor-version":[{"id":3887,"href":"https:\/\/mieszko.edu.pl\/liceum\/wp-json\/wp\/v2\/posts\/3875\/revisions\/3887"}],"wp:attachment":[{"href":"https:\/\/mieszko.edu.pl\/liceum\/wp-json\/wp\/v2\/media?parent=3875"}],"wp:term":[{"taxonomy":"category","embeddable":true,"href":"https:\/\/mieszko.edu.pl\/liceum\/wp-json\/wp\/v2\/categories?post=3875"},{"taxonomy":"post_tag","embeddable":true,"href":"https:\/\/mieszko.edu.pl\/liceum\/wp-json\/wp\/v2\/tags?post=3875"}],"curies":[{"name":"wp","href":"https:\/\/api.w.org\/{rel}","templated":true}]}}