{"id":3908,"date":"2025-09-05T14:07:10","date_gmt":"2025-09-05T12:07:10","guid":{"rendered":"https:\/\/mieszko.edu.pl\/liceum\/?p=3908"},"modified":"2025-09-05T14:07:10","modified_gmt":"2025-09-05T12:07:10","slug":"rozpoczecie-roku-szkolnego-2025-2026-2","status":"publish","type":"post","link":"https:\/\/mieszko.edu.pl\/liceum\/aktualnosci\/rozpoczecie-roku-szkolnego-2025-2026-2\/","title":{"rendered":"Rozpocz\u0119cie roku szkolnego 2025\/2026"},"content":{"rendered":"<p data-start=\"91\" data-end=\"341\">W poniedzia\u0142ek, 1 wrze\u015bnia, w naszym liceum odby\u0142o si\u0119 uroczyste rozpocz\u0119cie roku szkolnego 2025\/2026.<br data-start=\"193\" data-end=\"196\" \/>Po wakacyjnej przerwie uczniowie, nauczyciele oraz rodzice spotkali si\u0119, by wsp\u00f3lnie powita\u0107 nowy rok pe\u0142en wyzwa\u0144, nauki i rozwoju osobistego.<\/p>\n<p data-start=\"635\" data-end=\"787\">\u017byczymy ca\u0142ej spo\u0142eczno\u015bci licealnej, aby nadchodz\u0105cy rok by\u0142 czasem ciekawych do\u015bwiadcze\u0144, owocnej nauki i niezapomnianych chwil sp\u0119dzonych w szkole.<\/p>\n<p data-start=\"635\" data-end=\"787\"><img loading=\"lazy\" decoding=\"async\" class=\"alignnone size-medium wp-image-3909\" src=\"https:\/\/mieszko.edu.pl\/liceum\/wp-content\/uploads\/2025\/09\/541500124_17885928924357022_6663760572705737835_n-300x225.jpg\" alt=\"\" width=\"300\" height=\"225\" srcset=\"https:\/\/mieszko.edu.pl\/liceum\/wp-content\/uploads\/2025\/09\/541500124_17885928924357022_6663760572705737835_n-300x225.jpg 300w, https:\/\/mieszko.edu.pl\/liceum\/wp-content\/uploads\/2025\/09\/541500124_17885928924357022_6663760572705737835_n-1024x768.jpg 1024w, https:\/\/mieszko.edu.pl\/liceum\/wp-content\/uploads\/2025\/09\/541500124_17885928924357022_6663760572705737835_n-768x576.jpg 768w, https:\/\/mieszko.edu.pl\/liceum\/wp-content\/uploads\/2025\/09\/541500124_17885928924357022_6663760572705737835_n.jpg 1440w\" sizes=\"auto, (max-width: 300px) 100vw, 300px\" \/> <img loading=\"lazy\" decoding=\"async\" class=\"alignnone size-medium wp-image-3910\" src=\"https:\/\/mieszko.edu.pl\/liceum\/wp-content\/uploads\/2025\/09\/541645078_17885928852357022_6250230252274426002_n-300x225.jpg\" alt=\"\" width=\"300\" height=\"225\" srcset=\"https:\/\/mieszko.edu.pl\/liceum\/wp-content\/uploads\/2025\/09\/541645078_17885928852357022_6250230252274426002_n-300x225.jpg 300w, https:\/\/mieszko.edu.pl\/liceum\/wp-content\/uploads\/2025\/09\/541645078_17885928852357022_6250230252274426002_n-1024x768.jpg 1024w, https:\/\/mieszko.edu.pl\/liceum\/wp-content\/uploads\/2025\/09\/541645078_17885928852357022_6250230252274426002_n-768x576.jpg 768w, https:\/\/mieszko.edu.pl\/liceum\/wp-content\/uploads\/2025\/09\/541645078_17885928852357022_6250230252274426002_n.jpg 1440w\" sizes=\"auto, (max-width: 300px) 100vw, 300px\" \/> <img loading=\"lazy\" decoding=\"async\" class=\"alignnone size-medium wp-image-3911\" src=\"https:\/\/mieszko.edu.pl\/liceum\/wp-content\/uploads\/2025\/09\/540506212_17885928885357022_1496010530068066558_n-300x225.jpg\" alt=\"\" width=\"300\" height=\"225\" srcset=\"https:\/\/mieszko.edu.pl\/liceum\/wp-content\/uploads\/2025\/09\/540506212_17885928885357022_1496010530068066558_n-300x225.jpg 300w, https:\/\/mieszko.edu.pl\/liceum\/wp-content\/uploads\/2025\/09\/540506212_17885928885357022_1496010530068066558_n-1024x768.jpg 1024w, https:\/\/mieszko.edu.pl\/liceum\/wp-content\/uploads\/2025\/09\/540506212_17885928885357022_1496010530068066558_n-768x576.jpg 768w, https:\/\/mieszko.edu.pl\/liceum\/wp-content\/uploads\/2025\/09\/540506212_17885928885357022_1496010530068066558_n.jpg 1440w\" sizes=\"auto, (max-width: 300px) 100vw, 300px\" \/> <img loading=\"lazy\" decoding=\"async\" class=\"alignnone size-medium wp-image-3912\" src=\"https:\/\/mieszko.edu.pl\/liceum\/wp-content\/uploads\/2025\/09\/540755550_17885928915357022_2818469099846328586_n-300x225.jpg\" alt=\"\" width=\"300\" height=\"225\" srcset=\"https:\/\/mieszko.edu.pl\/liceum\/wp-content\/uploads\/2025\/09\/540755550_17885928915357022_2818469099846328586_n-300x225.jpg 300w, https:\/\/mieszko.edu.pl\/liceum\/wp-content\/uploads\/2025\/09\/540755550_17885928915357022_2818469099846328586_n-1024x768.jpg 1024w, https:\/\/mieszko.edu.pl\/liceum\/wp-content\/uploads\/2025\/09\/540755550_17885928915357022_2818469099846328586_n-768x576.jpg 768w, https:\/\/mieszko.edu.pl\/liceum\/wp-content\/uploads\/2025\/09\/540755550_17885928915357022_2818469099846328586_n.jpg 1440w\" sizes=\"auto, (max-width: 300px) 100vw, 300px\" \/><\/p>\n","protected":false},"excerpt":{"rendered":"<p>W poniedzia\u0142ek, 1 wrze\u015bnia, w naszym liceum odby\u0142o si\u0119 uroczyste rozpocz\u0119cie roku szkolnego 2025\/2026.Po wakacyjnej przerwie uczniowie, nauczyciele oraz rodzice spotkali si\u0119, by wsp\u00f3lnie powita\u0107 nowy rok pe\u0142en wyzwa\u0144, nauki i rozwoju osobistego. \u017byczymy ca\u0142ej spo\u0142eczno\u015bci licealnej, aby nadchodz\u0105cy rok by\u0142 czasem ciekawych do\u015bwiadcze\u0144, owocnej nauki i niezapomnianych chwil sp\u0119dzonych w szkole.<\/p>\n","protected":false},"author":19,"featured_media":0,"comment_status":"closed","ping_status":"closed","sticky":false,"template":"","format":"standard","meta":{"footnotes":""},"categories":[1],"tags":[],"class_list":["post-3908","post","type-post","status-publish","format-standard","hentry","category-bez-kategorii"],"_links":{"self":[{"href":"https:\/\/mieszko.edu.pl\/liceum\/wp-json\/wp\/v2\/posts\/3908","targetHints":{"allow":["GET"]}}],"collection":[{"href":"https:\/\/mieszko.edu.pl\/liceum\/wp-json\/wp\/v2\/posts"}],"about":[{"href":"https:\/\/mieszko.edu.pl\/liceum\/wp-json\/wp\/v2\/types\/post"}],"author":[{"embeddable":true,"href":"https:\/\/mieszko.edu.pl\/liceum\/wp-json\/wp\/v2\/users\/19"}],"replies":[{"embeddable":true,"href":"https:\/\/mieszko.edu.pl\/liceum\/wp-json\/wp\/v2\/comments?post=3908"}],"version-history":[{"count":1,"href":"https:\/\/mieszko.edu.pl\/liceum\/wp-json\/wp\/v2\/posts\/3908\/revisions"}],"predecessor-version":[{"id":3913,"href":"https:\/\/mieszko.edu.pl\/liceum\/wp-json\/wp\/v2\/posts\/3908\/revisions\/3913"}],"wp:attachment":[{"href":"https:\/\/mieszko.edu.pl\/liceum\/wp-json\/wp\/v2\/media?parent=3908"}],"wp:term":[{"taxonomy":"category","embeddable":true,"href":"https:\/\/mieszko.edu.pl\/liceum\/wp-json\/wp\/v2\/categories?post=3908"},{"taxonomy":"post_tag","embeddable":true,"href":"https:\/\/mieszko.edu.pl\/liceum\/wp-json\/wp\/v2\/tags?post=3908"}],"curies":[{"name":"wp","href":"https:\/\/api.w.org\/{rel}","templated":true}]}}