{"id":3923,"date":"2025-09-19T10:54:11","date_gmt":"2025-09-19T08:54:11","guid":{"rendered":"https:\/\/mieszko.edu.pl\/liceum\/?p=3923"},"modified":"2025-09-19T10:54:11","modified_gmt":"2025-09-19T08:54:11","slug":"probna-ewakuacja-w-naszej-szkole","status":"publish","type":"post","link":"https:\/\/mieszko.edu.pl\/liceum\/aktualnosci\/probna-ewakuacja-w-naszej-szkole\/","title":{"rendered":"Pr\u00f3bna ewakuacja w naszej szkole"},"content":{"rendered":"<p data-start=\"36\" data-end=\"186\">W zesz\u0142ym tygodniu nasi uczniowie wzi\u0119li udzia\u0142 w pr\u00f3bnej ewakuacji. \u0106wiczenia przebieg\u0142y sprawnie i zgodnie z planem \u2013 wszyscy spisali si\u0119 wzorowo.<\/p>\n<p data-start=\"188\" data-end=\"371\" data-is-last-node=\"\" data-is-only-node=\"\">Na zako\u0144czenie stra\u017cacy przygotowali dla uczni\u00f3w niespodziank\u0119 \u2013 mo\u017cliwo\u015b\u0107 obejrzenia wozu stra\u017cackiego z bliska. By\u0142a to cenna lekcja bezpiecze\u0144stwa.<\/p>\n<p data-start=\"188\" data-end=\"371\" data-is-last-node=\"\" data-is-only-node=\"\"><img loading=\"lazy\" decoding=\"async\" class=\"alignnone size-medium wp-image-3924\" src=\"https:\/\/mieszko.edu.pl\/liceum\/wp-content\/uploads\/2025\/09\/551327747_17888125350357022_5329815940333566776_n-225x300.jpg\" alt=\"\" width=\"225\" height=\"300\" srcset=\"https:\/\/mieszko.edu.pl\/liceum\/wp-content\/uploads\/2025\/09\/551327747_17888125350357022_5329815940333566776_n-225x300.jpg 225w, https:\/\/mieszko.edu.pl\/liceum\/wp-content\/uploads\/2025\/09\/551327747_17888125350357022_5329815940333566776_n-768x1024.jpg 768w, https:\/\/mieszko.edu.pl\/liceum\/wp-content\/uploads\/2025\/09\/551327747_17888125350357022_5329815940333566776_n-1152x1536.jpg 1152w, https:\/\/mieszko.edu.pl\/liceum\/wp-content\/uploads\/2025\/09\/551327747_17888125350357022_5329815940333566776_n.jpg 1440w\" sizes=\"auto, (max-width: 225px) 100vw, 225px\" \/><\/p>\n","protected":false},"excerpt":{"rendered":"<p>W zesz\u0142ym tygodniu nasi uczniowie wzi\u0119li udzia\u0142 w pr\u00f3bnej ewakuacji. \u0106wiczenia przebieg\u0142y sprawnie i zgodnie z planem \u2013 wszyscy spisali si\u0119 wzorowo. Na zako\u0144czenie stra\u017cacy przygotowali dla uczni\u00f3w niespodziank\u0119 \u2013 mo\u017cliwo\u015b\u0107 obejrzenia wozu stra\u017cackiego z bliska. By\u0142a to cenna lekcja bezpiecze\u0144stwa.<\/p>\n","protected":false},"author":19,"featured_media":3924,"comment_status":"closed","ping_status":"closed","sticky":false,"template":"","format":"standard","meta":{"footnotes":""},"categories":[1],"tags":[],"class_list":["post-3923","post","type-post","status-publish","format-standard","has-post-thumbnail","hentry","category-bez-kategorii"],"_links":{"self":[{"href":"https:\/\/mieszko.edu.pl\/liceum\/wp-json\/wp\/v2\/posts\/3923","targetHints":{"allow":["GET"]}}],"collection":[{"href":"https:\/\/mieszko.edu.pl\/liceum\/wp-json\/wp\/v2\/posts"}],"about":[{"href":"https:\/\/mieszko.edu.pl\/liceum\/wp-json\/wp\/v2\/types\/post"}],"author":[{"embeddable":true,"href":"https:\/\/mieszko.edu.pl\/liceum\/wp-json\/wp\/v2\/users\/19"}],"replies":[{"embeddable":true,"href":"https:\/\/mieszko.edu.pl\/liceum\/wp-json\/wp\/v2\/comments?post=3923"}],"version-history":[{"count":1,"href":"https:\/\/mieszko.edu.pl\/liceum\/wp-json\/wp\/v2\/posts\/3923\/revisions"}],"predecessor-version":[{"id":3925,"href":"https:\/\/mieszko.edu.pl\/liceum\/wp-json\/wp\/v2\/posts\/3923\/revisions\/3925"}],"wp:featuredmedia":[{"embeddable":true,"href":"https:\/\/mieszko.edu.pl\/liceum\/wp-json\/wp\/v2\/media\/3924"}],"wp:attachment":[{"href":"https:\/\/mieszko.edu.pl\/liceum\/wp-json\/wp\/v2\/media?parent=3923"}],"wp:term":[{"taxonomy":"category","embeddable":true,"href":"https:\/\/mieszko.edu.pl\/liceum\/wp-json\/wp\/v2\/categories?post=3923"},{"taxonomy":"post_tag","embeddable":true,"href":"https:\/\/mieszko.edu.pl\/liceum\/wp-json\/wp\/v2\/tags?post=3923"}],"curies":[{"name":"wp","href":"https:\/\/api.w.org\/{rel}","templated":true}]}}