{"id":3926,"date":"2025-09-19T10:58:11","date_gmt":"2025-09-19T08:58:11","guid":{"rendered":"https:\/\/mieszko.edu.pl\/liceum\/?p=3926"},"modified":"2025-09-19T10:58:11","modified_gmt":"2025-09-19T08:58:11","slug":"integracja-klas-pierwszych-lo-w-kwiejcach","status":"publish","type":"post","link":"https:\/\/mieszko.edu.pl\/liceum\/aktualnosci\/integracja-klas-pierwszych-lo-w-kwiejcach\/","title":{"rendered":"Integracja klas pierwszych LO w Kwiejcach"},"content":{"rendered":"<p data-start=\"49\" data-end=\"261\">12 wrze\u015bnia odby\u0142 si\u0119 wyj\u0105tkowy dzie\u0144 integracyjny klas pierwszych LO w Domu Sportowca w Kwiejcach. Uczniowie brali udzia\u0142 w grach, zabawach i wsp\u00f3lnych aktywno\u015bciach, kt\u00f3re dostarczy\u0142y wiele rado\u015bci i \u015bmiechu.<\/p>\n<p data-start=\"263\" data-end=\"417\">Na zako\u0144czenie wszyscy spotkali si\u0119 przy ognisku, gdzie czeka\u0142y pyszne kie\u0142baski. To by\u0142 niezapomniany dzie\u0144, pe\u0142en wsp\u00f3lnej energii i dobrej atmosfery.<\/p>\n<p data-start=\"263\" data-end=\"417\"><img loading=\"lazy\" decoding=\"async\" class=\"alignnone size-medium wp-image-3927\" src=\"https:\/\/mieszko.edu.pl\/liceum\/wp-content\/uploads\/2025\/09\/548309495_1478271640517388_1688028643973422215_n-300x225.jpg\" alt=\"\" width=\"300\" height=\"225\" srcset=\"https:\/\/mieszko.edu.pl\/liceum\/wp-content\/uploads\/2025\/09\/548309495_1478271640517388_1688028643973422215_n-300x225.jpg 300w, https:\/\/mieszko.edu.pl\/liceum\/wp-content\/uploads\/2025\/09\/548309495_1478271640517388_1688028643973422215_n-1024x768.jpg 1024w, https:\/\/mieszko.edu.pl\/liceum\/wp-content\/uploads\/2025\/09\/548309495_1478271640517388_1688028643973422215_n-768x576.jpg 768w, https:\/\/mieszko.edu.pl\/liceum\/wp-content\/uploads\/2025\/09\/548309495_1478271640517388_1688028643973422215_n-1536x1152.jpg 1536w, https:\/\/mieszko.edu.pl\/liceum\/wp-content\/uploads\/2025\/09\/548309495_1478271640517388_1688028643973422215_n.jpg 2048w\" sizes=\"auto, (max-width: 300px) 100vw, 300px\" \/> <img loading=\"lazy\" decoding=\"async\" class=\"alignnone size-medium wp-image-3928\" src=\"https:\/\/mieszko.edu.pl\/liceum\/wp-content\/uploads\/2025\/09\/546745186_1478272023850683_7664734107519495651_n-300x225.jpg\" alt=\"\" width=\"300\" height=\"225\" srcset=\"https:\/\/mieszko.edu.pl\/liceum\/wp-content\/uploads\/2025\/09\/546745186_1478272023850683_7664734107519495651_n-300x225.jpg 300w, https:\/\/mieszko.edu.pl\/liceum\/wp-content\/uploads\/2025\/09\/546745186_1478272023850683_7664734107519495651_n-1024x768.jpg 1024w, https:\/\/mieszko.edu.pl\/liceum\/wp-content\/uploads\/2025\/09\/546745186_1478272023850683_7664734107519495651_n-768x576.jpg 768w, https:\/\/mieszko.edu.pl\/liceum\/wp-content\/uploads\/2025\/09\/546745186_1478272023850683_7664734107519495651_n-1536x1152.jpg 1536w, https:\/\/mieszko.edu.pl\/liceum\/wp-content\/uploads\/2025\/09\/546745186_1478272023850683_7664734107519495651_n.jpg 2048w\" sizes=\"auto, (max-width: 300px) 100vw, 300px\" \/><\/p>\n","protected":false},"excerpt":{"rendered":"<p>12 wrze\u015bnia odby\u0142 si\u0119 wyj\u0105tkowy dzie\u0144 integracyjny klas pierwszych LO w Domu Sportowca w Kwiejcach. Uczniowie brali udzia\u0142 w grach, zabawach i wsp\u00f3lnych aktywno\u015bciach, kt\u00f3re dostarczy\u0142y wiele rado\u015bci i \u015bmiechu. Na zako\u0144czenie wszyscy spotkali si\u0119 przy ognisku, gdzie czeka\u0142y pyszne kie\u0142baski. To by\u0142 niezapomniany dzie\u0144, pe\u0142en wsp\u00f3lnej energii i dobrej atmosfery.<\/p>\n","protected":false},"author":19,"featured_media":3929,"comment_status":"closed","ping_status":"closed","sticky":false,"template":"","format":"standard","meta":{"footnotes":""},"categories":[1],"tags":[],"class_list":["post-3926","post","type-post","status-publish","format-standard","has-post-thumbnail","hentry","category-bez-kategorii"],"_links":{"self":[{"href":"https:\/\/mieszko.edu.pl\/liceum\/wp-json\/wp\/v2\/posts\/3926","targetHints":{"allow":["GET"]}}],"collection":[{"href":"https:\/\/mieszko.edu.pl\/liceum\/wp-json\/wp\/v2\/posts"}],"about":[{"href":"https:\/\/mieszko.edu.pl\/liceum\/wp-json\/wp\/v2\/types\/post"}],"author":[{"embeddable":true,"href":"https:\/\/mieszko.edu.pl\/liceum\/wp-json\/wp\/v2\/users\/19"}],"replies":[{"embeddable":true,"href":"https:\/\/mieszko.edu.pl\/liceum\/wp-json\/wp\/v2\/comments?post=3926"}],"version-history":[{"count":1,"href":"https:\/\/mieszko.edu.pl\/liceum\/wp-json\/wp\/v2\/posts\/3926\/revisions"}],"predecessor-version":[{"id":3930,"href":"https:\/\/mieszko.edu.pl\/liceum\/wp-json\/wp\/v2\/posts\/3926\/revisions\/3930"}],"wp:featuredmedia":[{"embeddable":true,"href":"https:\/\/mieszko.edu.pl\/liceum\/wp-json\/wp\/v2\/media\/3929"}],"wp:attachment":[{"href":"https:\/\/mieszko.edu.pl\/liceum\/wp-json\/wp\/v2\/media?parent=3926"}],"wp:term":[{"taxonomy":"category","embeddable":true,"href":"https:\/\/mieszko.edu.pl\/liceum\/wp-json\/wp\/v2\/categories?post=3926"},{"taxonomy":"post_tag","embeddable":true,"href":"https:\/\/mieszko.edu.pl\/liceum\/wp-json\/wp\/v2\/tags?post=3926"}],"curies":[{"name":"wp","href":"https:\/\/api.w.org\/{rel}","templated":true}]}}