{"id":3931,"date":"2025-09-19T11:01:26","date_gmt":"2025-09-19T09:01:26","guid":{"rendered":"https:\/\/mieszko.edu.pl\/liceum\/?p=3931"},"modified":"2025-09-19T11:01:26","modified_gmt":"2025-09-19T09:01:26","slug":"narodowe-czytanie-3","status":"publish","type":"post","link":"https:\/\/mieszko.edu.pl\/liceum\/aktualnosci\/narodowe-czytanie-3\/","title":{"rendered":"Narodowe Czytanie"},"content":{"rendered":"<p data-start=\"41\" data-end=\"258\">W naszym liceum odby\u0142o si\u0119 Narodowe Czytanie. Spotkanie rozpocz\u0105\u0142 pan Dorian \u2013 nauczyciel j\u0119zyka polskiego, kt\u00f3ry wyg\u0142osi\u0142 wyk\u0142ad o Janie Kochanowskim. Nast\u0119pnie uczniowie i nauczyciele czytali wybrane utwory poety.<\/p>\n<p data-start=\"260\" data-end=\"317\" data-is-last-node=\"\" data-is-only-node=\"\">By\u0142a to wyj\u0105tkowa lekcja literatury i wsp\u00f3lnego czytania.<\/p>\n<p data-start=\"260\" data-end=\"317\" data-is-last-node=\"\" data-is-only-node=\"\"><img loading=\"lazy\" decoding=\"async\" class=\"alignnone size-medium wp-image-3933\" src=\"https:\/\/mieszko.edu.pl\/liceum\/wp-content\/uploads\/2025\/09\/545621070_1474309857580233_4956684304202729091_n-300x225.jpg\" alt=\"\" width=\"300\" height=\"225\" srcset=\"https:\/\/mieszko.edu.pl\/liceum\/wp-content\/uploads\/2025\/09\/545621070_1474309857580233_4956684304202729091_n-300x225.jpg 300w, https:\/\/mieszko.edu.pl\/liceum\/wp-content\/uploads\/2025\/09\/545621070_1474309857580233_4956684304202729091_n-1024x768.jpg 1024w, https:\/\/mieszko.edu.pl\/liceum\/wp-content\/uploads\/2025\/09\/545621070_1474309857580233_4956684304202729091_n-768x576.jpg 768w, https:\/\/mieszko.edu.pl\/liceum\/wp-content\/uploads\/2025\/09\/545621070_1474309857580233_4956684304202729091_n-1536x1152.jpg 1536w, https:\/\/mieszko.edu.pl\/liceum\/wp-content\/uploads\/2025\/09\/545621070_1474309857580233_4956684304202729091_n.jpg 2048w\" sizes=\"auto, (max-width: 300px) 100vw, 300px\" \/> <img loading=\"lazy\" decoding=\"async\" class=\"alignnone size-medium wp-image-3934\" src=\"https:\/\/mieszko.edu.pl\/liceum\/wp-content\/uploads\/2025\/09\/544878379_1474309917580227_2113217123818523356_n-300x225.jpg\" alt=\"\" width=\"300\" height=\"225\" srcset=\"https:\/\/mieszko.edu.pl\/liceum\/wp-content\/uploads\/2025\/09\/544878379_1474309917580227_2113217123818523356_n-300x225.jpg 300w, https:\/\/mieszko.edu.pl\/liceum\/wp-content\/uploads\/2025\/09\/544878379_1474309917580227_2113217123818523356_n-1024x768.jpg 1024w, https:\/\/mieszko.edu.pl\/liceum\/wp-content\/uploads\/2025\/09\/544878379_1474309917580227_2113217123818523356_n-768x576.jpg 768w, https:\/\/mieszko.edu.pl\/liceum\/wp-content\/uploads\/2025\/09\/544878379_1474309917580227_2113217123818523356_n-1536x1152.jpg 1536w, https:\/\/mieszko.edu.pl\/liceum\/wp-content\/uploads\/2025\/09\/544878379_1474309917580227_2113217123818523356_n.jpg 2048w\" sizes=\"auto, (max-width: 300px) 100vw, 300px\" \/> <img loading=\"lazy\" decoding=\"async\" class=\"alignnone size-medium wp-image-3935\" src=\"https:\/\/mieszko.edu.pl\/liceum\/wp-content\/uploads\/2025\/09\/544845289_1474309880913564_3475287056850228653_n-300x173.jpg\" alt=\"\" width=\"300\" height=\"173\" srcset=\"https:\/\/mieszko.edu.pl\/liceum\/wp-content\/uploads\/2025\/09\/544845289_1474309880913564_3475287056850228653_n-300x173.jpg 300w, https:\/\/mieszko.edu.pl\/liceum\/wp-content\/uploads\/2025\/09\/544845289_1474309880913564_3475287056850228653_n-1024x590.jpg 1024w, https:\/\/mieszko.edu.pl\/liceum\/wp-content\/uploads\/2025\/09\/544845289_1474309880913564_3475287056850228653_n-768x443.jpg 768w, https:\/\/mieszko.edu.pl\/liceum\/wp-content\/uploads\/2025\/09\/544845289_1474309880913564_3475287056850228653_n-1536x885.jpg 1536w, https:\/\/mieszko.edu.pl\/liceum\/wp-content\/uploads\/2025\/09\/544845289_1474309880913564_3475287056850228653_n.jpg 2048w\" sizes=\"auto, (max-width: 300px) 100vw, 300px\" \/><\/p>\n","protected":false},"excerpt":{"rendered":"<p>W naszym liceum odby\u0142o si\u0119 Narodowe Czytanie. Spotkanie rozpocz\u0105\u0142 pan Dorian \u2013 nauczyciel j\u0119zyka polskiego, kt\u00f3ry wyg\u0142osi\u0142 wyk\u0142ad o Janie Kochanowskim. Nast\u0119pnie uczniowie i nauczyciele czytali wybrane utwory poety. By\u0142a to wyj\u0105tkowa lekcja literatury i wsp\u00f3lnego czytania.<\/p>\n","protected":false},"author":19,"featured_media":3932,"comment_status":"closed","ping_status":"closed","sticky":false,"template":"","format":"standard","meta":{"footnotes":""},"categories":[1],"tags":[],"class_list":["post-3931","post","type-post","status-publish","format-standard","has-post-thumbnail","hentry","category-bez-kategorii"],"_links":{"self":[{"href":"https:\/\/mieszko.edu.pl\/liceum\/wp-json\/wp\/v2\/posts\/3931","targetHints":{"allow":["GET"]}}],"collection":[{"href":"https:\/\/mieszko.edu.pl\/liceum\/wp-json\/wp\/v2\/posts"}],"about":[{"href":"https:\/\/mieszko.edu.pl\/liceum\/wp-json\/wp\/v2\/types\/post"}],"author":[{"embeddable":true,"href":"https:\/\/mieszko.edu.pl\/liceum\/wp-json\/wp\/v2\/users\/19"}],"replies":[{"embeddable":true,"href":"https:\/\/mieszko.edu.pl\/liceum\/wp-json\/wp\/v2\/comments?post=3931"}],"version-history":[{"count":1,"href":"https:\/\/mieszko.edu.pl\/liceum\/wp-json\/wp\/v2\/posts\/3931\/revisions"}],"predecessor-version":[{"id":3936,"href":"https:\/\/mieszko.edu.pl\/liceum\/wp-json\/wp\/v2\/posts\/3931\/revisions\/3936"}],"wp:featuredmedia":[{"embeddable":true,"href":"https:\/\/mieszko.edu.pl\/liceum\/wp-json\/wp\/v2\/media\/3932"}],"wp:attachment":[{"href":"https:\/\/mieszko.edu.pl\/liceum\/wp-json\/wp\/v2\/media?parent=3931"}],"wp:term":[{"taxonomy":"category","embeddable":true,"href":"https:\/\/mieszko.edu.pl\/liceum\/wp-json\/wp\/v2\/categories?post=3931"},{"taxonomy":"post_tag","embeddable":true,"href":"https:\/\/mieszko.edu.pl\/liceum\/wp-json\/wp\/v2\/tags?post=3931"}],"curies":[{"name":"wp","href":"https:\/\/api.w.org\/{rel}","templated":true}]}}