{"id":4015,"date":"2025-11-12T15:11:18","date_gmt":"2025-11-12T14:11:18","guid":{"rendered":"https:\/\/mieszko.edu.pl\/liceum\/?p=4015"},"modified":"2025-11-13T15:15:07","modified_gmt":"2025-11-13T14:15:07","slug":"narodowe-swieto-niepodleglosci-2","status":"publish","type":"post","link":"https:\/\/mieszko.edu.pl\/liceum\/aktualnosci\/narodowe-swieto-niepodleglosci-2\/","title":{"rendered":"Narodowe \u015awi\u0119to Niepodleg\u0142o\u015bci"},"content":{"rendered":"<h5 style=\"text-align: left;\" data-start=\"64\" data-end=\"289\"><strong>Z okazji Narodowego \u015awi\u0119ta Niepodleg\u0142o\u015bci nasi liceali\u015bci uczestniczyli w wyj\u0105tkowym spotkaniu z panem Wawrzy\u0144cem Wierzejewskim, prezesem Oddzia\u0142u Wielkopolskiego Towarzystwa Pami\u0119ci Powstania Wielkopolskiego 1918\u20131919.<\/strong><\/p>\n<p><strong>By\u0142a to niezwykle cenna lekcja historii, podczas kt\u00f3rej m\u0142odzie\u017c mog\u0142a pozna\u0107 bli\u017cej losy bohater\u00f3w Powstania Wielkopolskiego oraz znaczenie lokalnych tradycji niepodleg\u0142o\u015bciowych.<\/strong><\/p>\n<p><strong>Uroczysty charakter wydarzenia podkre\u015bli\u0142o wsp\u00f3lne od\u015bpiewanie hymnu narodowego w ramach og\u00f3lnopolskiej akcji \u201eSzko\u0142a do hymnu\u201d.<\/strong><\/p>\n<p><strong>To by\u0142 wa\u017cny moment refleksji, pami\u0119ci i wdzi\u0119czno\u015bci wobec tych, kt\u00f3rzy walczyli o wolno\u015b\u0107 naszej Ojczyzny.<\/strong><br data-start=\"726\" data-end=\"729\" \/><strong>Dzi\u0119kujemy panu Wawrzy\u0144cowi Wierzejewskiemu za inspiruj\u0105ce spotkanie oraz wszystkim uczniom i nauczycielom za wsp\u00f3lne \u015bwi\u0119towanie w duchu patriotyzmu.<\/strong><\/h5>\n<p data-start=\"615\" data-end=\"886\"><img loading=\"lazy\" decoding=\"async\" class=\"alignnone size-medium wp-image-4016\" src=\"https:\/\/mieszko.edu.pl\/liceum\/wp-content\/uploads\/2025\/11\/572807744_17893592550357022_6385283342048960141_n-300x225.jpg\" alt=\"\" width=\"300\" height=\"225\" srcset=\"https:\/\/mieszko.edu.pl\/liceum\/wp-content\/uploads\/2025\/11\/572807744_17893592550357022_6385283342048960141_n-300x225.jpg 300w, https:\/\/mieszko.edu.pl\/liceum\/wp-content\/uploads\/2025\/11\/572807744_17893592550357022_6385283342048960141_n-1024x768.jpg 1024w, https:\/\/mieszko.edu.pl\/liceum\/wp-content\/uploads\/2025\/11\/572807744_17893592550357022_6385283342048960141_n-768x576.jpg 768w, https:\/\/mieszko.edu.pl\/liceum\/wp-content\/uploads\/2025\/11\/572807744_17893592550357022_6385283342048960141_n.jpg 1440w\" sizes=\"auto, (max-width: 300px) 100vw, 300px\" \/> <img loading=\"lazy\" decoding=\"async\" class=\"alignnone size-medium wp-image-4017\" src=\"https:\/\/mieszko.edu.pl\/liceum\/wp-content\/uploads\/2025\/11\/573563094_17893592487357022_4065890002328049022_n-300x176.jpg\" alt=\"\" width=\"300\" height=\"176\" srcset=\"https:\/\/mieszko.edu.pl\/liceum\/wp-content\/uploads\/2025\/11\/573563094_17893592487357022_4065890002328049022_n-300x176.jpg 300w, https:\/\/mieszko.edu.pl\/liceum\/wp-content\/uploads\/2025\/11\/573563094_17893592487357022_4065890002328049022_n-1024x599.jpg 1024w, https:\/\/mieszko.edu.pl\/liceum\/wp-content\/uploads\/2025\/11\/573563094_17893592487357022_4065890002328049022_n-768x450.jpg 768w, https:\/\/mieszko.edu.pl\/liceum\/wp-content\/uploads\/2025\/11\/573563094_17893592487357022_4065890002328049022_n.jpg 1440w\" sizes=\"auto, (max-width: 300px) 100vw, 300px\" \/> <img loading=\"lazy\" decoding=\"async\" class=\"alignnone size-medium wp-image-4018\" src=\"https:\/\/mieszko.edu.pl\/liceum\/wp-content\/uploads\/2025\/11\/575625404_17893592613357022_8489630055336605060_n-300x225.jpg\" alt=\"\" width=\"300\" height=\"225\" srcset=\"https:\/\/mieszko.edu.pl\/liceum\/wp-content\/uploads\/2025\/11\/575625404_17893592613357022_8489630055336605060_n-300x225.jpg 300w, https:\/\/mieszko.edu.pl\/liceum\/wp-content\/uploads\/2025\/11\/575625404_17893592613357022_8489630055336605060_n-1024x768.jpg 1024w, https:\/\/mieszko.edu.pl\/liceum\/wp-content\/uploads\/2025\/11\/575625404_17893592613357022_8489630055336605060_n-768x576.jpg 768w, https:\/\/mieszko.edu.pl\/liceum\/wp-content\/uploads\/2025\/11\/575625404_17893592613357022_8489630055336605060_n.jpg 1440w\" sizes=\"auto, (max-width: 300px) 100vw, 300px\" \/><\/p>\n","protected":false},"excerpt":{"rendered":"<p>Z okazji Narodowego \u015awi\u0119ta Niepodleg\u0142o\u015bci nasi liceali\u015bci uczestniczyli w wyj\u0105tkowym spotkaniu z panem Wawrzy\u0144cem Wierzejewskim, prezesem Oddzia\u0142u Wielkopolskiego Towarzystwa Pami\u0119ci Powstania Wielkopolskiego 1918\u20131919. By\u0142a to niezwykle cenna lekcja historii, podczas kt\u00f3rej m\u0142odzie\u017c mog\u0142a pozna\u0107 bli\u017cej losy bohater\u00f3w Powstania Wielkopolskiego oraz znaczenie lokalnych tradycji niepodleg\u0142o\u015bciowych. Uroczysty charakter wydarzenia podkre\u015bli\u0142o wsp\u00f3lne od\u015bpiewanie hymnu narodowego w ramach og\u00f3lnopolskiej&#8230;<\/p>\n","protected":false},"author":19,"featured_media":4019,"comment_status":"closed","ping_status":"closed","sticky":false,"template":"","format":"standard","meta":{"footnotes":""},"categories":[1],"tags":[],"class_list":["post-4015","post","type-post","status-publish","format-standard","has-post-thumbnail","hentry","category-bez-kategorii"],"_links":{"self":[{"href":"https:\/\/mieszko.edu.pl\/liceum\/wp-json\/wp\/v2\/posts\/4015","targetHints":{"allow":["GET"]}}],"collection":[{"href":"https:\/\/mieszko.edu.pl\/liceum\/wp-json\/wp\/v2\/posts"}],"about":[{"href":"https:\/\/mieszko.edu.pl\/liceum\/wp-json\/wp\/v2\/types\/post"}],"author":[{"embeddable":true,"href":"https:\/\/mieszko.edu.pl\/liceum\/wp-json\/wp\/v2\/users\/19"}],"replies":[{"embeddable":true,"href":"https:\/\/mieszko.edu.pl\/liceum\/wp-json\/wp\/v2\/comments?post=4015"}],"version-history":[{"count":3,"href":"https:\/\/mieszko.edu.pl\/liceum\/wp-json\/wp\/v2\/posts\/4015\/revisions"}],"predecessor-version":[{"id":4022,"href":"https:\/\/mieszko.edu.pl\/liceum\/wp-json\/wp\/v2\/posts\/4015\/revisions\/4022"}],"wp:featuredmedia":[{"embeddable":true,"href":"https:\/\/mieszko.edu.pl\/liceum\/wp-json\/wp\/v2\/media\/4019"}],"wp:attachment":[{"href":"https:\/\/mieszko.edu.pl\/liceum\/wp-json\/wp\/v2\/media?parent=4015"}],"wp:term":[{"taxonomy":"category","embeddable":true,"href":"https:\/\/mieszko.edu.pl\/liceum\/wp-json\/wp\/v2\/categories?post=4015"},{"taxonomy":"post_tag","embeddable":true,"href":"https:\/\/mieszko.edu.pl\/liceum\/wp-json\/wp\/v2\/tags?post=4015"}],"curies":[{"name":"wp","href":"https:\/\/api.w.org\/{rel}","templated":true}]}}