{"id":4035,"date":"2025-12-19T14:51:28","date_gmt":"2025-12-19T13:51:28","guid":{"rendered":"https:\/\/mieszko.edu.pl\/liceum\/?p=4035"},"modified":"2025-12-19T14:51:28","modified_gmt":"2025-12-19T13:51:28","slug":"ogromny-sukces-naszego-ucznia","status":"publish","type":"post","link":"https:\/\/mieszko.edu.pl\/liceum\/aktualnosci\/ogromny-sukces-naszego-ucznia\/","title":{"rendered":"Ogromny sukces naszego ucznia!"},"content":{"rendered":"<p>Po raz trzeci z rz\u0119du Mykhailo z klasy IV D otrzyma\u0142 Stypendium Prezesa Rady Ministr\u00f3w za wybitne osi\u0105gni\u0119cia w nauce w roku szkolnym 2024\/2025.<br data-start=\"177\" data-end=\"180\" \/>To presti\u017cowe wyr\u00f3\u017cnienie trafia do uczni\u00f3w osi\u0105gaj\u0105cych najwy\u017csze wyniki w nauce, a Mykhailo znalaz\u0142 si\u0119 w zaszczytnym gronie najlepszych uczni\u00f3w z Wielkopolski.<br data-start=\"342\" data-end=\"345\" \/>Serdecznie gratulujemy tak imponuj\u0105cego sukcesu i \u017cyczymy dalszych osi\u0105gni\u0119\u0107 edukacyjnych, rozwijania pasji oraz realizacji ambitnych plan\u00f3w na przysz\u0142o\u015b\u0107.<br data-start=\"500\" data-end=\"503\" \/>Jeste\u015bmy dumni!<\/p>\n<p><img loading=\"lazy\" decoding=\"async\" class=\"alignnone size-medium wp-image-4037\" src=\"https:\/\/mieszko.edu.pl\/liceum\/wp-content\/uploads\/2025\/12\/586669373_17898203967357022_3716150047928629915_n-300x300.jpg\" alt=\"\" width=\"300\" height=\"300\" srcset=\"https:\/\/mieszko.edu.pl\/liceum\/wp-content\/uploads\/2025\/12\/586669373_17898203967357022_3716150047928629915_n-300x300.jpg 300w, https:\/\/mieszko.edu.pl\/liceum\/wp-content\/uploads\/2025\/12\/586669373_17898203967357022_3716150047928629915_n-1024x1024.jpg 1024w, https:\/\/mieszko.edu.pl\/liceum\/wp-content\/uploads\/2025\/12\/586669373_17898203967357022_3716150047928629915_n-150x150.jpg 150w, https:\/\/mieszko.edu.pl\/liceum\/wp-content\/uploads\/2025\/12\/586669373_17898203967357022_3716150047928629915_n-768x768.jpg 768w, https:\/\/mieszko.edu.pl\/liceum\/wp-content\/uploads\/2025\/12\/586669373_17898203967357022_3716150047928629915_n.jpg 1440w\" sizes=\"auto, (max-width: 300px) 100vw, 300px\" \/><\/p>\n","protected":false},"excerpt":{"rendered":"<p>Po raz trzeci z rz\u0119du Mykhailo z klasy IV D otrzyma\u0142 Stypendium Prezesa Rady Ministr\u00f3w za wybitne osi\u0105gni\u0119cia w nauce w roku szkolnym 2024\/2025.To presti\u017cowe wyr\u00f3\u017cnienie trafia do uczni\u00f3w osi\u0105gaj\u0105cych najwy\u017csze wyniki w nauce, a Mykhailo znalaz\u0142 si\u0119 w zaszczytnym gronie najlepszych uczni\u00f3w z Wielkopolski.Serdecznie gratulujemy tak imponuj\u0105cego sukcesu i \u017cyczymy dalszych osi\u0105gni\u0119\u0107 edukacyjnych, rozwijania&#8230;<\/p>\n","protected":false},"author":19,"featured_media":4036,"comment_status":"closed","ping_status":"closed","sticky":false,"template":"","format":"standard","meta":{"footnotes":""},"categories":[1],"tags":[],"class_list":["post-4035","post","type-post","status-publish","format-standard","has-post-thumbnail","hentry","category-bez-kategorii"],"_links":{"self":[{"href":"https:\/\/mieszko.edu.pl\/liceum\/wp-json\/wp\/v2\/posts\/4035","targetHints":{"allow":["GET"]}}],"collection":[{"href":"https:\/\/mieszko.edu.pl\/liceum\/wp-json\/wp\/v2\/posts"}],"about":[{"href":"https:\/\/mieszko.edu.pl\/liceum\/wp-json\/wp\/v2\/types\/post"}],"author":[{"embeddable":true,"href":"https:\/\/mieszko.edu.pl\/liceum\/wp-json\/wp\/v2\/users\/19"}],"replies":[{"embeddable":true,"href":"https:\/\/mieszko.edu.pl\/liceum\/wp-json\/wp\/v2\/comments?post=4035"}],"version-history":[{"count":1,"href":"https:\/\/mieszko.edu.pl\/liceum\/wp-json\/wp\/v2\/posts\/4035\/revisions"}],"predecessor-version":[{"id":4038,"href":"https:\/\/mieszko.edu.pl\/liceum\/wp-json\/wp\/v2\/posts\/4035\/revisions\/4038"}],"wp:featuredmedia":[{"embeddable":true,"href":"https:\/\/mieszko.edu.pl\/liceum\/wp-json\/wp\/v2\/media\/4036"}],"wp:attachment":[{"href":"https:\/\/mieszko.edu.pl\/liceum\/wp-json\/wp\/v2\/media?parent=4035"}],"wp:term":[{"taxonomy":"category","embeddable":true,"href":"https:\/\/mieszko.edu.pl\/liceum\/wp-json\/wp\/v2\/categories?post=4035"},{"taxonomy":"post_tag","embeddable":true,"href":"https:\/\/mieszko.edu.pl\/liceum\/wp-json\/wp\/v2\/tags?post=4035"}],"curies":[{"name":"wp","href":"https:\/\/api.w.org\/{rel}","templated":true}]}}