{"id":4043,"date":"2025-12-19T15:01:40","date_gmt":"2025-12-19T14:01:40","guid":{"rendered":"https:\/\/mieszko.edu.pl\/liceum\/?p=4043"},"modified":"2025-12-19T15:01:47","modified_gmt":"2025-12-19T14:01:47","slug":"swiateczne-wyjazdy-naszych-licealistow","status":"publish","type":"post","link":"https:\/\/mieszko.edu.pl\/liceum\/aktualnosci\/swiateczne-wyjazdy-naszych-licealistow\/","title":{"rendered":"\u015awi\u0105teczne wyjazdy naszych licealist\u00f3w"},"content":{"rendered":"<p data-start=\"42\" data-end=\"383\">W grudniu nasi uczniowie uczestniczyli w wielu wyj\u0105tkowych wyjazdach edukacyjno-\u015bwi\u0105tecznych. Odwiedzili m.in. interaktywne centra nauki, takie jak Hevelianum w Gda\u0144sku czy Centrum Nowoczesno\u015bci \u201eM\u0142yn Wiedzy\u201d w Toruniu, a tak\u017ce historyczne miasta pe\u0142ne \u015bwi\u0105tecznej atmosfery, jarmark\u00f3w bo\u017conarodzeniowych i lokalnych atrakcji kulturalnych.<\/p>\n<p data-start=\"385\" data-end=\"543\" data-is-last-node=\"\" data-is-only-node=\"\">Te wyjazdy by\u0142y nie tylko okazj\u0105 do zdobywania wiedzy, ale tak\u017ce do wsp\u00f3lnego sp\u0119dzania czasu i odkrywania magicznego klimatu \u015bwi\u0105t w r\u00f3\u017cnych cz\u0119\u015bciach kraju.<\/p>\n<p data-start=\"385\" data-end=\"543\" data-is-last-node=\"\" data-is-only-node=\"\"><img loading=\"lazy\" decoding=\"async\" class=\"alignnone size-medium wp-image-4044\" src=\"https:\/\/mieszko.edu.pl\/liceum\/wp-content\/uploads\/2025\/12\/593766902_1560975398913678_8706881779929243828_n-300x225.jpg\" alt=\"\" width=\"300\" height=\"225\" srcset=\"https:\/\/mieszko.edu.pl\/liceum\/wp-content\/uploads\/2025\/12\/593766902_1560975398913678_8706881779929243828_n-300x225.jpg 300w, https:\/\/mieszko.edu.pl\/liceum\/wp-content\/uploads\/2025\/12\/593766902_1560975398913678_8706881779929243828_n-1024x768.jpg 1024w, https:\/\/mieszko.edu.pl\/liceum\/wp-content\/uploads\/2025\/12\/593766902_1560975398913678_8706881779929243828_n-768x576.jpg 768w, https:\/\/mieszko.edu.pl\/liceum\/wp-content\/uploads\/2025\/12\/593766902_1560975398913678_8706881779929243828_n-1536x1152.jpg 1536w, https:\/\/mieszko.edu.pl\/liceum\/wp-content\/uploads\/2025\/12\/593766902_1560975398913678_8706881779929243828_n.jpg 2048w\" sizes=\"auto, (max-width: 300px) 100vw, 300px\" \/> <img loading=\"lazy\" decoding=\"async\" class=\"alignnone size-medium wp-image-4045\" src=\"https:\/\/mieszko.edu.pl\/liceum\/wp-content\/uploads\/2025\/12\/587623686_17898231249357022_7618129094994769199_n-225x300.jpg\" alt=\"\" width=\"225\" height=\"300\" srcset=\"https:\/\/mieszko.edu.pl\/liceum\/wp-content\/uploads\/2025\/12\/587623686_17898231249357022_7618129094994769199_n-225x300.jpg 225w, https:\/\/mieszko.edu.pl\/liceum\/wp-content\/uploads\/2025\/12\/587623686_17898231249357022_7618129094994769199_n-768x1024.jpg 768w, https:\/\/mieszko.edu.pl\/liceum\/wp-content\/uploads\/2025\/12\/587623686_17898231249357022_7618129094994769199_n.jpg 960w\" sizes=\"auto, (max-width: 225px) 100vw, 225px\" \/><\/p>\n","protected":false},"excerpt":{"rendered":"<p>W grudniu nasi uczniowie uczestniczyli w wielu wyj\u0105tkowych wyjazdach edukacyjno-\u015bwi\u0105tecznych. Odwiedzili m.in. interaktywne centra nauki, takie jak Hevelianum w Gda\u0144sku czy Centrum Nowoczesno\u015bci \u201eM\u0142yn Wiedzy\u201d w Toruniu, a tak\u017ce historyczne miasta pe\u0142ne \u015bwi\u0105tecznej atmosfery, jarmark\u00f3w bo\u017conarodzeniowych i lokalnych atrakcji kulturalnych. Te wyjazdy by\u0142y nie tylko okazj\u0105 do zdobywania wiedzy, ale tak\u017ce do wsp\u00f3lnego sp\u0119dzania czasu&#8230;<\/p>\n","protected":false},"author":19,"featured_media":4046,"comment_status":"closed","ping_status":"closed","sticky":false,"template":"","format":"standard","meta":{"footnotes":""},"categories":[1],"tags":[],"class_list":["post-4043","post","type-post","status-publish","format-standard","has-post-thumbnail","hentry","category-bez-kategorii"],"_links":{"self":[{"href":"https:\/\/mieszko.edu.pl\/liceum\/wp-json\/wp\/v2\/posts\/4043","targetHints":{"allow":["GET"]}}],"collection":[{"href":"https:\/\/mieszko.edu.pl\/liceum\/wp-json\/wp\/v2\/posts"}],"about":[{"href":"https:\/\/mieszko.edu.pl\/liceum\/wp-json\/wp\/v2\/types\/post"}],"author":[{"embeddable":true,"href":"https:\/\/mieszko.edu.pl\/liceum\/wp-json\/wp\/v2\/users\/19"}],"replies":[{"embeddable":true,"href":"https:\/\/mieszko.edu.pl\/liceum\/wp-json\/wp\/v2\/comments?post=4043"}],"version-history":[{"count":1,"href":"https:\/\/mieszko.edu.pl\/liceum\/wp-json\/wp\/v2\/posts\/4043\/revisions"}],"predecessor-version":[{"id":4047,"href":"https:\/\/mieszko.edu.pl\/liceum\/wp-json\/wp\/v2\/posts\/4043\/revisions\/4047"}],"wp:featuredmedia":[{"embeddable":true,"href":"https:\/\/mieszko.edu.pl\/liceum\/wp-json\/wp\/v2\/media\/4046"}],"wp:attachment":[{"href":"https:\/\/mieszko.edu.pl\/liceum\/wp-json\/wp\/v2\/media?parent=4043"}],"wp:term":[{"taxonomy":"category","embeddable":true,"href":"https:\/\/mieszko.edu.pl\/liceum\/wp-json\/wp\/v2\/categories?post=4043"},{"taxonomy":"post_tag","embeddable":true,"href":"https:\/\/mieszko.edu.pl\/liceum\/wp-json\/wp\/v2\/tags?post=4043"}],"curies":[{"name":"wp","href":"https:\/\/api.w.org\/{rel}","templated":true}]}}